{"id":17134,"date":"2021-03-25T10:51:09","date_gmt":"2021-03-25T13:51:09","guid":{"rendered":"http:\/\/www.centraldenoticias.com.ar\/?p=17134"},"modified":"2021-03-25T11:45:58","modified_gmt":"2021-03-25T14:45:58","slug":"el-ejecutivo-invito-al-hcd-al-debate-de-la-concesion-del-transporte-interurbano","status":"publish","type":"post","link":"https:\/\/cdnoticias.com\/index.php\/2021\/03\/25\/el-ejecutivo-invito-al-hcd-al-debate-de-la-concesion-del-transporte-interurbano\/","title":{"rendered":"El Ejecutivo invit\u00f3 al HCD al debate de la concesi\u00f3n del transporte interurbano"},"content":{"rendered":"<p>Desde la Secretar\u00eda de Gobierno se envi\u00f3 una nota a la presidencia del Concejo para invitar a todos los bloques. El martes se conformar\u00e1 una comisi\u00f3n especial.<!--more--><\/p>\n<hr \/>\n<p>El intendente Ezequiel Galli hab\u00eda anunciado <a href=\"https:\/\/cdnoticias.com\/index.php\/2021\/03\/05\/reactivacion-de-obras-y-el-debate-por-el-transporte-interurbano-lo-destacado\/\" target=\"_blank\" rel=\"noopener\">en el discurso de apertura de sesiones del Concejo Deliberante<\/a> que <strong>abrir\u00eda el debate al Legislativo para la futura concesi\u00f3n del transporte interurbano de pasajeros<\/strong> a realizarse el a\u00f1o pr\u00f3ximo.<\/p>\n<p>&nbsp;<\/p>\n<p><strong>Este jueves le puso fecha y formaliz\u00f3 la convocatoria<\/strong>. La Secretar\u00eda de Gobierno envi\u00f3 una nota a la presidencia del Concejo Deliberante para <strong>cursar una invitaci\u00f3n a todos los bloques<\/strong> para avanzar sobre el tema.<\/p>\n<p><img data-recalc-dims=\"1\" loading=\"lazy\" decoding=\"async\" class=\"aligncenter wp-image-15442 size-large\" src=\"https:\/\/i0.wp.com\/cdnoticias.com\/wp-content\/uploads\/2021\/03\/apertura-sesiones5.jpg?resize=800%2C450&#038;ssl=1\" alt=\"\" width=\"800\" height=\"450\" srcset=\"https:\/\/i0.wp.com\/cdnoticias.com\/wp-content\/uploads\/2021\/03\/apertura-sesiones5.jpg?resize=1024%2C576&amp;ssl=1 1024w, https:\/\/i0.wp.com\/cdnoticias.com\/wp-content\/uploads\/2021\/03\/apertura-sesiones5.jpg?resize=300%2C169&amp;ssl=1 300w, https:\/\/i0.wp.com\/cdnoticias.com\/wp-content\/uploads\/2021\/03\/apertura-sesiones5.jpg?resize=768%2C432&amp;ssl=1 768w, https:\/\/i0.wp.com\/cdnoticias.com\/wp-content\/uploads\/2021\/03\/apertura-sesiones5.jpg?w=1280&amp;ssl=1 1280w\" sizes=\"auto, (max-width: 800px) 100vw, 800px\" \/><\/p>\n<blockquote><p>En concreto, la invitaci\u00f3n es para \u201cformar parte de una comisi\u00f3n ad hoc que tendr\u00e1 como finalidad trabajar sobre la futura concesi\u00f3n del servicio de transporte interurbano de pasajeros\u201d.<\/p><\/blockquote>\n<p>&nbsp;<\/p>\n<p>Se adelant\u00f3 que <strong>el 30 de marzo a las 10<\/strong> se presentar\u00e1 dicha comisi\u00f3n en el Sal\u00f3n Blanco del Palacio San Mart\u00edn.<\/p>\n","protected":false},"excerpt":{"rendered":"<p>Desde la Secretar\u00eda de Gobierno se envi\u00f3 una nota a la presidencia del Concejo para invitar a todos los bloques.<\/p>\n","protected":false},"author":4,"featured_media":11934,"comment_status":"closed","ping_status":"closed","sticky":false,"template":"","format":"standard","meta":{"_jetpack_memberships_contains_paid_content":false,"footnotes":""},"categories":[4,1],"tags":[],"class_list":["post-17134","post","type-post","status-publish","format-standard","has-post-thumbnail","hentry","category-politica","category-portada"],"jetpack_featured_media_url":"https:\/\/i0.wp.com\/cdnoticias.com\/wp-content\/uploads\/2021\/01\/OlaBus.jpg?fit=1040%2C728&ssl=1","jetpack_sharing_enabled":true,"_links":{"self":[{"href":"https:\/\/cdnoticias.com\/index.php\/wp-json\/wp\/v2\/posts\/17134","targetHints":{"allow":["GET"]}}],"collection":[{"href":"https:\/\/cdnoticias.com\/index.php\/wp-json\/wp\/v2\/posts"}],"about":[{"href":"https:\/\/cdnoticias.com\/index.php\/wp-json\/wp\/v2\/types\/post"}],"author":[{"embeddable":true,"href":"https:\/\/cdnoticias.com\/index.php\/wp-json\/wp\/v2\/users\/4"}],"replies":[{"embeddable":true,"href":"https:\/\/cdnoticias.com\/index.php\/wp-json\/wp\/v2\/comments?post=17134"}],"version-history":[{"count":0,"href":"https:\/\/cdnoticias.com\/index.php\/wp-json\/wp\/v2\/posts\/17134\/revisions"}],"wp:featuredmedia":[{"embeddable":true,"href":"https:\/\/cdnoticias.com\/index.php\/wp-json\/wp\/v2\/media\/11934"}],"wp:attachment":[{"href":"https:\/\/cdnoticias.com\/index.php\/wp-json\/wp\/v2\/media?parent=17134"}],"wp:term":[{"taxonomy":"category","embeddable":true,"href":"https:\/\/cdnoticias.com\/index.php\/wp-json\/wp\/v2\/categories?post=17134"},{"taxonomy":"post_tag","embeddable":true,"href":"https:\/\/cdnoticias.com\/index.php\/wp-json\/wp\/v2\/tags?post=17134"}],"curies":[{"name":"wp","href":"https:\/\/api.w.org\/{rel}","templated":true}]}}