{"id":171338,"date":"2025-05-13T08:30:18","date_gmt":"2025-05-13T11:30:18","guid":{"rendered":"https:\/\/cdnoticias.com\/?p=171338"},"modified":"2025-05-13T08:30:19","modified_gmt":"2025-05-13T11:30:19","slug":"gran-marco-de-publico-en-el-primer-concierto-del-ano-de-clasica-y-solidaria","status":"publish","type":"post","link":"https:\/\/cdnoticias.com\/index.php\/2025\/05\/13\/gran-marco-de-publico-en-el-primer-concierto-del-ano-de-clasica-y-solidaria\/","title":{"rendered":"Gran marco de p\u00fablico en el primer concierto del a\u00f1o de \u201cCl\u00e1sica y Solidaria\u201d"},"content":{"rendered":"\n<p>Fue este domingo en el Teatro Municipal, donde se recaudaron m\u00e1s de $750.000 para la Biblioteca General Belgrano.&nbsp;<\/p>\n\n\n\n<hr class=\"wp-block-separator aligncenter has-alpha-channel-opacity\"\/>\n\n\n\n<p>En la noche del domingo, <strong>el Teatro Municipal fue el escenario del primer concierto del a\u00f1o del ciclo \u201cCl\u00e1sica y Solidaria\u201d,<\/strong> propuesta que une el arte y la solidaridad para <strong>colaborar con las instituciones<\/strong> que desarrollan una importante labor en nuestra comunidad.<\/p>\n\n\n\n<p><\/p>\n\n\n\n<p>El intendente Wesner particip\u00f3 de la velada junto a funcionarios del gabinete municipal e integrantes del equipo de la<strong> Biblioteca Crucero General Belgrano, instituci\u00f3n beneficiada en esta oportunidad y para la cual se recaudaron m\u00e1s de $750.000.<\/strong><\/p>\n\n\n\n<p><\/p>\n\n\n\n<p>El repertorio ofrecido por la Orquesta Sinf\u00f3nica Municipal \u201cMtro. Mario Patan\u00e9\u201d estuvo basado en obras de Wolfgang Amadeus Mozart; Antonio Vivaldi (1675 \u2013 1741)L \u0301 Estro Armonico. Concierto X, para cuatro violines solistas, cuerdas y c\u00e9mbalo (Solistas en viol\u00edn: Gast\u00f3n Orlando, Ra\u00fal Minnig, Ulises Merlos y Verena Ferreyra D\u00edaz \u2013 Primera audici\u00f3n de la OSMO); Luis Gianneo (1897 \u2013 1968) Tres piezas criollas (Arreglo orquestal: Diego Lurbe \u2013 Primera audici\u00f3n de la OSMO); Peter Wlarlok (1894-1930) Capriol (Suite).<\/p>\n\n\n\n<p><\/p>\n\n\n\n<figure class=\"wp-block-image aligncenter size-full\"><img data-recalc-dims=\"1\" loading=\"lazy\" decoding=\"async\" width=\"800\" height=\"532\" src=\"https:\/\/i0.wp.com\/cdnoticias.com\/wp-content\/uploads\/2025\/05\/clasica-y-solidaria-teatro2.jpg?resize=800%2C532&#038;ssl=1\" alt=\"\" class=\"wp-image-171340\" srcset=\"https:\/\/i0.wp.com\/cdnoticias.com\/wp-content\/uploads\/2025\/05\/clasica-y-solidaria-teatro2.jpg?w=900&amp;ssl=1 900w, https:\/\/i0.wp.com\/cdnoticias.com\/wp-content\/uploads\/2025\/05\/clasica-y-solidaria-teatro2.jpg?resize=300%2C199&amp;ssl=1 300w, https:\/\/i0.wp.com\/cdnoticias.com\/wp-content\/uploads\/2025\/05\/clasica-y-solidaria-teatro2.jpg?resize=768%2C510&amp;ssl=1 768w, https:\/\/i0.wp.com\/cdnoticias.com\/wp-content\/uploads\/2025\/05\/clasica-y-solidaria-teatro2.jpg?resize=272%2C182&amp;ssl=1 272w\" sizes=\"auto, (max-width: 800px) 100vw, 800px\" \/><\/figure>\n\n\n\n<p><\/p>\n\n\n\n<blockquote class=\"wp-block-quote is-layout-flow wp-block-quote-is-layout-flow\">\n<p>\u201cCl\u00e1sica y Solidaria\u201d naci\u00f3 en el a\u00f1o 2013 tras un proyecto de unir la m\u00fasica con la solidaridad, y donde adem\u00e1s, se pudiera visibilizar el trabajo que hacen las instituciones que trabajan con las \u00e1reas m\u00e1s sensibles de nuestra sociedad.<\/p>\n<\/blockquote>\n\n\n\n<p><\/p>\n\n\n\n<p>Con los a\u00f1os, esta propuesta se fue fortaleciendo transform\u00e1ndose en una gran posibilidad no solo para las instituciones que <strong>reciben un apoyo econ\u00f3mico <\/strong>sino tambi\u00e9n abrir la <strong>m\u00fasica cl\u00e1sica a un p\u00fablico m\u00e1s diverso.<\/strong><\/p>\n\n\n\n<p><\/p>\n\n\n\n<p class=\"has-medium-font-size\"><strong>Cronograma de Cl\u00e1sica y Solidaria&nbsp;<\/strong><\/p>\n\n\n\n<ul class=\"wp-block-list\">\n<li>17 de agosto en el Teatro Municipal: Centro De Formaci\u00f3n Integral \u201cLa Casa De Helen\u201d.<\/li>\n<\/ul>\n\n\n\n<ul class=\"wp-block-list\">\n<li>14 de septiembre en el Teatro Municipal: Biblioteca Popular \u201cDel otro lado del \u00e1rbol\u201d.<\/li>\n<\/ul>\n\n\n\n<ul class=\"wp-block-list\">\n<li>5 de octubre en el Teatro Municipal: CORIM.<\/li>\n<\/ul>\n\n\n\n<ul class=\"wp-block-list\">\n<li>16 de noviembre en el Teatro Municipal: Biblioteca Popular Colonia San Miguel.<\/li>\n<\/ul>\n\n\n\n<ul class=\"wp-block-list\">\n<li>14 de diciembre en el Teatro Municipal: C\u00e1ritas San Vicente.<\/li>\n<\/ul>\n","protected":false},"excerpt":{"rendered":"<p>Fue este domingo en el Teatro Municipal, donde se recaudaron m\u00e1s de $750.000 para la Biblioteca General Belgrano.&nbsp; En la<\/p>\n","protected":false},"author":6,"featured_media":171341,"comment_status":"closed","ping_status":"closed","sticky":false,"template":"","format":"standard","meta":{"_jetpack_memberships_contains_paid_content":false,"footnotes":""},"categories":[9,1],"tags":[],"class_list":["post-171338","post","type-post","status-publish","format-standard","has-post-thumbnail","hentry","category-cultura","category-portada"],"jetpack_featured_media_url":"https:\/\/i0.wp.com\/cdnoticias.com\/wp-content\/uploads\/2025\/05\/clasica-y-solidaria-teatro-.jpg?fit=900%2C598&ssl=1","jetpack_sharing_enabled":true,"_links":{"self":[{"href":"https:\/\/cdnoticias.com\/index.php\/wp-json\/wp\/v2\/posts\/171338","targetHints":{"allow":["GET"]}}],"collection":[{"href":"https:\/\/cdnoticias.com\/index.php\/wp-json\/wp\/v2\/posts"}],"about":[{"href":"https:\/\/cdnoticias.com\/index.php\/wp-json\/wp\/v2\/types\/post"}],"author":[{"embeddable":true,"href":"https:\/\/cdnoticias.com\/index.php\/wp-json\/wp\/v2\/users\/6"}],"replies":[{"embeddable":true,"href":"https:\/\/cdnoticias.com\/index.php\/wp-json\/wp\/v2\/comments?post=171338"}],"version-history":[{"count":0,"href":"https:\/\/cdnoticias.com\/index.php\/wp-json\/wp\/v2\/posts\/171338\/revisions"}],"wp:featuredmedia":[{"embeddable":true,"href":"https:\/\/cdnoticias.com\/index.php\/wp-json\/wp\/v2\/media\/171341"}],"wp:attachment":[{"href":"https:\/\/cdnoticias.com\/index.php\/wp-json\/wp\/v2\/media?parent=171338"}],"wp:term":[{"taxonomy":"category","embeddable":true,"href":"https:\/\/cdnoticias.com\/index.php\/wp-json\/wp\/v2\/categories?post=171338"},{"taxonomy":"post_tag","embeddable":true,"href":"https:\/\/cdnoticias.com\/index.php\/wp-json\/wp\/v2\/tags?post=171338"}],"curies":[{"name":"wp","href":"https:\/\/api.w.org\/{rel}","templated":true}]}}