{"id":171336,"date":"2025-05-12T20:17:41","date_gmt":"2025-05-12T23:17:41","guid":{"rendered":"https:\/\/cdnoticias.com\/?p=171336"},"modified":"2025-05-12T20:17:43","modified_gmt":"2025-05-12T23:17:43","slug":"con-un-paso-hacia-la-digitalizacion-facilitan-la-salida-del-pais-con-menores-de-edad","status":"publish","type":"post","link":"https:\/\/cdnoticias.com\/index.php\/2025\/05\/12\/con-un-paso-hacia-la-digitalizacion-facilitan-la-salida-del-pais-con-menores-de-edad\/","title":{"rendered":"Con un paso hacia la digitalizaci\u00f3n, facilitan la salida del pa\u00eds con menores de edad"},"content":{"rendered":"\n<p>La decisi\u00f3n simplifica la Autorizaci\u00f3n de Viaje y permite que la habilitaci\u00f3n quede registrada en el pasaporte. Asimismo, suma un c\u00f3digo QR de validaci\u00f3n al instante.<\/p>\n\n\n\n<hr class=\"wp-block-separator aligncenter has-alpha-channel-opacity\"\/>\n\n\n\n<p>La <strong>salida del pa\u00eds con menores de edad ser\u00e1 ahora m\u00e1s sencilla<\/strong> debido a una <strong>serie de cambios que implement\u00f3 el Gobierno esta semana<\/strong>, que tornaron m\u00e1s f\u00e1ciles los tr\u00e1mites para permitir viajes al exterior con chicos que lo hagan<strong> sin alguno de sus padres.\u00a0<\/strong><\/p>\n\n\n\n<p><\/p>\n\n\n\n<p>Con esta medida, plasmada en la Disposici\u00f3n 676\/2025, las habilitaciones <strong>quedar\u00e1n estampadas en formato digital al pasaporte<\/strong> y podr\u00e1n ser <strong>validadas en tiempo real.<\/strong><\/p>\n\n\n\n<p><\/p>\n\n\n\n<blockquote class=\"wp-block-quote is-layout-flow wp-block-quote-is-layout-flow\">\n<p>El nuevo sistema para la Autorizaci\u00f3n de Viaje permite que la habilitaci\u00f3n quede registrada electr\u00f3nicamente en el pasaporte del menor al momento de su emisi\u00f3n. Asimismo, al formulario emitido por Migraciones se le incorpor\u00f3 un c\u00f3digo QR que hace posible validar en tiempo real la firma digital y la autenticidad del documento, lo que agilizar\u00e1 los tiempos del tr\u00e1mite de salida.<\/p>\n<\/blockquote>\n\n\n\n<p><\/p>\n\n\n\n<p>Desde el Gobierno aseguraron que, a trav\u00e9s de esta acci\u00f3n, <strong>el control de la autorizaci\u00f3n queda exclusivamente a cargo de los funcionarios de Migraciones en los puestos de egreso del pa\u00eds <\/strong>(como aeropuertos, fronteras terrestres y puertos) <strong>sin necesidad de que sea validado por las empresas de transporte, lo que a su vez permite una \u201cmayor trazabilidad y seguridad\u201d para los viajes con menores.<\/strong><\/p>\n\n\n\n<p><\/p>\n\n\n\n<blockquote class=\"wp-block-quote is-layout-flow wp-block-quote-is-layout-flow\">\n<p>En este momento, la Autorizaci\u00f3n de Viaje puede gestionarse en m\u00e1s de 100 dependencias de Migraciones en todo el pa\u00eds, tanto en delegaciones y oficinas, como en pasos fronterizos. Adem\u00e1s, existen tres modalidades de tramitaci\u00f3n: la opci\u00f3n normal, con un plazo de diez d\u00edas h\u00e1biles; la modalidad expr\u00e9s, con una demora de 48 horas; y la alternativa \u201cal instante\u201d, que se entrega en apenas dos horas.<\/p>\n<\/blockquote>\n\n\n\n<p><\/p>\n\n\n\n<p>En tanto, tambi\u00e9n es posible optar por distinta duraci\u00f3n para esas autorizaciones, que pueden ser emitidas para un \u00fanico viaje, por un per\u00edodo de tiempo determinado o hasta que el menor alcance la mayor\u00eda de edad.<\/p>\n\n\n\n<p><\/p>\n\n\n\n<p>Este permiso<strong> es obligatorio cuando el menor viaja solo<\/strong>,<strong> con solo uno de sus progenitores o tutores, o si parte del pa\u00eds acompa\u00f1ado por una tercera persona.<\/strong> En los casos en que se desplace al exterior con ambos padres, solo ser\u00e1 necesario presentar la documentaci\u00f3n que acredite el v\u00ednculo.<\/p>\n\n\n\n<p><\/p>\n\n\n\n<p>El nuevo sistema fue implementado desde la Direcci\u00f3n Nacional de Migraciones, un organismo dependiente de la Vicejefatura de Gabinete del Interior, comandada por Lisandro Catal\u00e1n. Seg\u00fan fuentes oficiales, buscaron incorporar tecnolog\u00eda para hacer \u201c<strong>un control m\u00e1s eficiente y seguro\u201d<\/strong> en los <strong>traslados internacionales de los menores de edad.<\/strong> La decisi\u00f3n fue tomada en conjunto con el <strong>Registro Nacional de las Personas (Renaper).<\/strong><\/p>\n\n\n\n<p><\/p>\n\n\n\n<p>En el Gobierno remarcaron que, al permitir que la autorizaci\u00f3n quede registrada electr\u00f3nicamente en el pasaporte del menor al momento de su emisi\u00f3n,<strong> &#8220;se logra reducir la carga burocr\u00e1tica y simplificar los tr\u00e1mites para madres, padres y tutores<\/strong>&#8220;. <\/p>\n\n\n\n<p><\/p>\n\n\n\n<p><em>Fuente: DIB<\/em><\/p>\n","protected":false},"excerpt":{"rendered":"<p>La decisi\u00f3n simplifica la Autorizaci\u00f3n de Viaje y permite que la habilitaci\u00f3n quede registrada en el pasaporte. Asimismo, suma un<\/p>\n","protected":false},"author":6,"featured_media":43042,"comment_status":"closed","ping_status":"closed","sticky":false,"template":"","format":"standard","meta":{"_jetpack_memberships_contains_paid_content":false,"footnotes":""},"categories":[6,1],"tags":[],"class_list":["post-171336","post","type-post","status-publish","format-standard","has-post-thumbnail","hentry","category-nacionales","category-portada"],"jetpack_featured_media_url":"https:\/\/i0.wp.com\/cdnoticias.com\/wp-content\/uploads\/2022\/01\/avion-aerolineas-scaled.jpg?fit=2560%2C1707&ssl=1","jetpack_sharing_enabled":true,"_links":{"self":[{"href":"https:\/\/cdnoticias.com\/index.php\/wp-json\/wp\/v2\/posts\/171336","targetHints":{"allow":["GET"]}}],"collection":[{"href":"https:\/\/cdnoticias.com\/index.php\/wp-json\/wp\/v2\/posts"}],"about":[{"href":"https:\/\/cdnoticias.com\/index.php\/wp-json\/wp\/v2\/types\/post"}],"author":[{"embeddable":true,"href":"https:\/\/cdnoticias.com\/index.php\/wp-json\/wp\/v2\/users\/6"}],"replies":[{"embeddable":true,"href":"https:\/\/cdnoticias.com\/index.php\/wp-json\/wp\/v2\/comments?post=171336"}],"version-history":[{"count":0,"href":"https:\/\/cdnoticias.com\/index.php\/wp-json\/wp\/v2\/posts\/171336\/revisions"}],"wp:featuredmedia":[{"embeddable":true,"href":"https:\/\/cdnoticias.com\/index.php\/wp-json\/wp\/v2\/media\/43042"}],"wp:attachment":[{"href":"https:\/\/cdnoticias.com\/index.php\/wp-json\/wp\/v2\/media?parent=171336"}],"wp:term":[{"taxonomy":"category","embeddable":true,"href":"https:\/\/cdnoticias.com\/index.php\/wp-json\/wp\/v2\/categories?post=171336"},{"taxonomy":"post_tag","embeddable":true,"href":"https:\/\/cdnoticias.com\/index.php\/wp-json\/wp\/v2\/tags?post=171336"}],"curies":[{"name":"wp","href":"https:\/\/api.w.org\/{rel}","templated":true}]}}