{"id":171330,"date":"2025-05-15T17:02:21","date_gmt":"2025-05-15T20:02:21","guid":{"rendered":"https:\/\/cdnoticias.com\/?p=171330"},"modified":"2025-05-15T17:02:23","modified_gmt":"2025-05-15T20:02:23","slug":"trenes-argentinos-anuncio-el-despido-de-1-900-trabajadores-mas-antes-de-ser-privatizada","status":"publish","type":"post","link":"https:\/\/cdnoticias.com\/index.php\/2025\/05\/15\/trenes-argentinos-anuncio-el-despido-de-1-900-trabajadores-mas-antes-de-ser-privatizada\/","title":{"rendered":"Trenes Argentinos anunci\u00f3 el despido de 1.900 trabajadores m\u00e1s antes de ser privatizada"},"content":{"rendered":"\n<p>La empresa estatal realiz\u00f3 un recorte de $60.000 millones en lo que va de la gesti\u00f3n de Javier Milei y el objetivo oficial es concesionar los servicios que presta la compa\u00f1\u00eda. El ajuste busca abrir la puerta a los capitales privados.<\/p>\n\n\n\n<hr class=\"wp-block-separator aligncenter has-alpha-channel-opacity\"\/>\n\n\n\n<p>El Gobierno anticip\u00f3 que <strong>Trenes Argentinos Operaciones S.A. reducir\u00e1 en los pr\u00f3ximos meses unos 1.937 empleados<\/strong> como parte de su objetivo para sanear las cuentas de la compa\u00f1\u00eda estatal y conseguir el inter\u00e9s de capitales privados para concesionar la operaci\u00f3n del servicio ferroviario.<\/p>\n\n\n\n<p><\/p>\n\n\n\n<p>La empresa opera casi todas las l\u00edneas urbanas (Roca, San Mart\u00edn, Mitre, Sarmiento y Belgrano Sur), las de larga distancia y regionales. En el \u00faltimo a\u00f1o, ya se implement\u00f3 una <strong>serie de recortes que permitieron reducir gastos por m\u00e1s de $60.000 millones y ahora esperan acelerar ese proceso,<\/strong> seg\u00fan anticip\u00f3 la Secretar\u00eda de Transporte de la Naci\u00f3n.<\/p>\n\n\n\n<p><\/p>\n\n\n\n<p><em>\u201cEs importante destacar que se seguir\u00e1 realizando el recorte necesario para sanear la empresa, por lo que se proyecta que en los pr\u00f3ximos meses la dotaci\u00f3n del personal no exceda los 20.000 empleados (vs 23.834 iniciales), un n\u00famero hist\u00f3rico para la cantidad que ha tenido siempre\u201d,<\/em> se\u00f1al\u00f3 Transporte en un comunicado.<\/p>\n\n\n\n<p><\/p>\n\n\n\n<blockquote class=\"wp-block-quote is-layout-flow wp-block-quote-is-layout-flow\">\n<p>En el \u00faltimo a\u00f1o y medio se redujeron 1.897 \u201centre puestos duplicados, empleados sin funciones que no cumpl\u00edan con las tareas asignadas, o que directamente no se presentaban a trabajar\u201d.<\/p>\n<\/blockquote>\n\n\n\n<p><\/p>\n\n\n\n<p>La <strong>reestructuraci\u00f3n de Trenes Argentinos comenz\u00f3 el a\u00f1o pasado, <\/strong>cuando se implementaron medidas de \u201cajuste y optimizaci\u00f3n operativa\u201d. Una de las principales medidas fue la reducci\u00f3n de la estructura jer\u00e1rquica de la empresa, que<strong> permiti\u00f3 un ahorro de $13.257 millones anuales seg\u00fan datos proporcionados por Transporte.<\/strong> Se eliminaron 277 cargos jer\u00e1rquicos, lo que represent\u00f3 una reducci\u00f3n del 32% de la estructura organizativa de la compa\u00f1\u00eda.<\/p>\n\n\n\n<p><\/p>\n\n\n\n<p>El ajuste en la compa\u00f1\u00eda tambi\u00e9n incluy\u00f3 <strong>\u201cla optimizaci\u00f3n de los recursos y la eliminaci\u00f3n de gastos innecesarios\u201c<\/strong>. La compa\u00f1\u00eda implement\u00f3 una reducci\u00f3n de horas extras de 73%, lo que represent\u00f3 un ahorro adicional de $600 millones al a\u00f1o. Ese recorte fue acompa\u00f1ado por la revisi\u00f3n de contratos con proveedores y la <strong>eliminaci\u00f3n de servicios no esenciales.<\/strong><\/p>\n\n\n\n<p><\/p>\n\n\n\n<blockquote class=\"wp-block-quote is-layout-flow wp-block-quote-is-layout-flow\">\n<p>Parte del ahorro tambi\u00e9n provino de la reducci\u00f3n de la flota de veh\u00edculos de la empresa. Trenes Argentinos disminuy\u00f3 en un 30% los autos alquilados que no cumpl\u00edan funciones operativas, lo que se tradujo en un ahorro de $3.192 millones anuales. Asimismo, se eliminaron veh\u00edculos 4\u00d74 de alta gama, responsables de los mayores costos para la empresa, y se redujo el uso de las tarjetas de combustible, lo que permiti\u00f3 un ahorro de $400 millones anuales.<\/p>\n<\/blockquote>\n\n\n\n<p><\/p>\n\n\n\n<p><strong>Trenes Argentinos<\/strong>, junto con otras empresas p\u00fablicas como Enarsa, Yacimientos Carbon\u00edferos R\u00edo Turbio y AySA, figura entre las <strong>compa\u00f1\u00edas sujetas a privatizaci\u00f3n en la Ley Bases <\/strong>que habilita la transici\u00f3n hacia la gesti\u00f3n privada.<\/p>\n\n\n\n<p><\/p>\n\n\n\n<p>El objetivo principal de las medidas implementadas en Trenes Argentinos es preparar la empresa para que pueda ser concesionada total o parcialmente a actores privados. Esto incluir\u00eda la licitaci\u00f3n de servicios y la posible venta de acciones de la empresa.<\/p>\n\n\n\n<p><\/p>\n\n\n\n<p>La Secretar\u00eda de Transporte destac\u00f3 que <strong>la privatizaci\u00f3n de Trenes Argentinos no implicar\u00e1 la eliminaci\u00f3n de empleos de manera inmediata, ya que el proceso ser\u00e1 gradual y se dar\u00e1 de manera ordenada<\/strong>. Sin embargo, la reestructuraci\u00f3n y los ajustes permitir\u00e1n que el sector privado se involucre con mayor facilidad en la operaci\u00f3n del servicio.\u00a0<\/p>\n\n\n\n<p><\/p>\n\n\n\n<p><em>Fuente: DIB\u00a0<\/em><\/p>\n","protected":false},"excerpt":{"rendered":"<p>La empresa estatal realiz\u00f3 un recorte de $60.000 millones en lo que va de la gesti\u00f3n de Javier Milei y<\/p>\n","protected":false},"author":6,"featured_media":171331,"comment_status":"closed","ping_status":"closed","sticky":false,"template":"","format":"standard","meta":{"_jetpack_memberships_contains_paid_content":false,"footnotes":""},"categories":[6,1],"tags":[],"class_list":["post-171330","post","type-post","status-publish","format-standard","has-post-thumbnail","hentry","category-nacionales","category-portada"],"jetpack_featured_media_url":"https:\/\/i0.wp.com\/cdnoticias.com\/wp-content\/uploads\/2025\/05\/trenes-argentinos-foto.jpg?fit=696%2C464&ssl=1","jetpack_sharing_enabled":true,"_links":{"self":[{"href":"https:\/\/cdnoticias.com\/index.php\/wp-json\/wp\/v2\/posts\/171330","targetHints":{"allow":["GET"]}}],"collection":[{"href":"https:\/\/cdnoticias.com\/index.php\/wp-json\/wp\/v2\/posts"}],"about":[{"href":"https:\/\/cdnoticias.com\/index.php\/wp-json\/wp\/v2\/types\/post"}],"author":[{"embeddable":true,"href":"https:\/\/cdnoticias.com\/index.php\/wp-json\/wp\/v2\/users\/6"}],"replies":[{"embeddable":true,"href":"https:\/\/cdnoticias.com\/index.php\/wp-json\/wp\/v2\/comments?post=171330"}],"version-history":[{"count":0,"href":"https:\/\/cdnoticias.com\/index.php\/wp-json\/wp\/v2\/posts\/171330\/revisions"}],"wp:featuredmedia":[{"embeddable":true,"href":"https:\/\/cdnoticias.com\/index.php\/wp-json\/wp\/v2\/media\/171331"}],"wp:attachment":[{"href":"https:\/\/cdnoticias.com\/index.php\/wp-json\/wp\/v2\/media?parent=171330"}],"wp:term":[{"taxonomy":"category","embeddable":true,"href":"https:\/\/cdnoticias.com\/index.php\/wp-json\/wp\/v2\/categories?post=171330"},{"taxonomy":"post_tag","embeddable":true,"href":"https:\/\/cdnoticias.com\/index.php\/wp-json\/wp\/v2\/tags?post=171330"}],"curies":[{"name":"wp","href":"https:\/\/api.w.org\/{rel}","templated":true}]}}