{"id":171320,"date":"2025-05-12T17:31:03","date_gmt":"2025-05-12T20:31:03","guid":{"rendered":"https:\/\/cdnoticias.com\/?p=171320"},"modified":"2025-05-12T20:09:15","modified_gmt":"2025-05-12T23:09:15","slug":"wesner-visito-la-biblioteca-popular-crucero-general-belgrano","status":"publish","type":"post","link":"https:\/\/cdnoticias.com\/index.php\/2025\/05\/12\/wesner-visito-la-biblioteca-popular-crucero-general-belgrano\/","title":{"rendered":"Wesner visit\u00f3 la Biblioteca Popular \u201cCrucero General Belgrano\u201d"},"content":{"rendered":"\n<p>La instituci\u00f3n fue beneficiada este domingo en el nuevo ciclo de \u201cCl\u00e1sica y Solidaria\u201d.&nbsp;<\/p>\n\n\n\n<hr class=\"wp-block-separator aligncenter has-alpha-channel-opacity\"\/>\n\n\n\n<p>El intendente <strong>Maximiliano Wesner visit\u00f3 la sede de la Biblioteca Popular \u201cCrucero General Belgrano\u201d,<\/strong> instituci\u00f3n local que fue<strong> una de las beneficiadas este fin de semana en el marco de un nuevo ciclo de \u201cCl\u00e1sica y Solidaria<\/strong>\u201d, el programa de presentaciones que durante todo el a\u00f1o llevar\u00e1 a cabo la Orquesta Sinf\u00f3nica Municipal \u201cMaestro Mario Patan\u00e9\u201d en el Teatro Municipal.<\/p>\n\n\n\n<p><\/p>\n\n\n\n<p>El jefe comunal, quien estuvo acompa\u00f1ado por la Subsecretaria de Cultura y Educaci\u00f3n, Sof\u00eda Ar\u00e9valo y el Director de Cultura y de la Orquesta Sinf\u00f3nica Municipal Diego Lurbe, fue recibido por <strong>Ricardo Moreno, fundador y referente de la instituci\u00f3n, <\/strong>adem\u00e1s de <strong>integrante de la Agrupaci\u00f3n de Veteranos de Guerra \u201c2 de Abril\u201d.<\/strong><\/p>\n\n\n\n<p><\/p>\n\n\n\n<p>En la ocasi\u00f3n Wesner le manifest\u00f3 a Moreno la satisfacci\u00f3n que le gener\u00f3 d\u00edas atr\u00e1s ver el nombre de la biblioteca como una de las entidades locales que fue beneficiadas por el ciclo. Se recuerda que d\u00edas atr\u00e1s se desarroll\u00f3 el<strong> sorteo p\u00fablico que determin\u00f3 cu\u00e1les ser\u00e1n las 6 instituciones<\/strong> que ser\u00e1n <strong>destinatarias de todo lo recaudado en cada presentaci\u00f3n.<\/strong><\/p>\n\n\n\n<p><\/p>\n\n\n\n<figure class=\"wp-block-image aligncenter size-full\"><img data-recalc-dims=\"1\" loading=\"lazy\" decoding=\"async\" width=\"800\" height=\"532\" src=\"https:\/\/i0.wp.com\/cdnoticias.com\/wp-content\/uploads\/2025\/05\/biblioteca-popular-crucero-general-belgrano4.jpg?resize=800%2C532&#038;ssl=1\" alt=\"\" class=\"wp-image-171322\" srcset=\"https:\/\/i0.wp.com\/cdnoticias.com\/wp-content\/uploads\/2025\/05\/biblioteca-popular-crucero-general-belgrano4.jpg?w=900&amp;ssl=1 900w, https:\/\/i0.wp.com\/cdnoticias.com\/wp-content\/uploads\/2025\/05\/biblioteca-popular-crucero-general-belgrano4.jpg?resize=300%2C199&amp;ssl=1 300w, https:\/\/i0.wp.com\/cdnoticias.com\/wp-content\/uploads\/2025\/05\/biblioteca-popular-crucero-general-belgrano4.jpg?resize=768%2C510&amp;ssl=1 768w, https:\/\/i0.wp.com\/cdnoticias.com\/wp-content\/uploads\/2025\/05\/biblioteca-popular-crucero-general-belgrano4.jpg?resize=272%2C182&amp;ssl=1 272w\" sizes=\"auto, (max-width: 800px) 100vw, 800px\" \/><\/figure>\n\n\n\n<p><\/p>\n\n\n\n<blockquote class=\"wp-block-quote is-layout-flow wp-block-quote-is-layout-flow\">\n<p>Asimismo, el Intendente reafirm\u00f3 el compromiso del Municipio con la causa Malvinas, algo que ha manifestado en reiteradas ocasiones y que se ha plasmado tambi\u00e9n a partir del acompa\u00f1amiento y v\u00ednculo permanente que se mantiene con la Agrupaci\u00f3n de Veterano de Guerra.\u00a0<\/p>\n<\/blockquote>\n\n\n\n<p><\/p>\n\n\n\n<p>En ese sentido, los invit\u00f3 a seguir fortaleciendo el v\u00ednculo y espacios de di\u00e1logo para seguir desarrollando diversas propuestas e iniciativas en conjunto.<\/p>\n\n\n\n<p><\/p>\n\n\n\n<p class=\"has-medium-font-size\"><strong>Biblioteca Popular \u201cCrucero General Belgrano<\/strong><\/p>\n\n\n\n<p>Est\u00e1 ubicada en <strong>avenida Pellegrini Casa 3<\/strong> y fue <strong>creada por veteranos de guerra de Malvinas el d\u00eda 10 de junio del a\u00f1o 2000<\/strong>. Desde que abri\u00f3 sus puertas brinda su apoyo y servicio a la cultura, a la comunidad y al barrio en el que se encuentra situado.\u00a0<\/p>\n\n\n\n<p><\/p>\n\n\n\n<figure class=\"wp-block-image aligncenter size-full\"><img data-recalc-dims=\"1\" loading=\"lazy\" decoding=\"async\" width=\"800\" height=\"532\" src=\"https:\/\/i0.wp.com\/cdnoticias.com\/wp-content\/uploads\/2025\/05\/biblioteca-popular-crucero-general-belgrano1.jpg?resize=800%2C532&#038;ssl=1\" alt=\"\" class=\"wp-image-171325\" srcset=\"https:\/\/i0.wp.com\/cdnoticias.com\/wp-content\/uploads\/2025\/05\/biblioteca-popular-crucero-general-belgrano1.jpg?w=900&amp;ssl=1 900w, https:\/\/i0.wp.com\/cdnoticias.com\/wp-content\/uploads\/2025\/05\/biblioteca-popular-crucero-general-belgrano1.jpg?resize=300%2C199&amp;ssl=1 300w, https:\/\/i0.wp.com\/cdnoticias.com\/wp-content\/uploads\/2025\/05\/biblioteca-popular-crucero-general-belgrano1.jpg?resize=768%2C510&amp;ssl=1 768w, https:\/\/i0.wp.com\/cdnoticias.com\/wp-content\/uploads\/2025\/05\/biblioteca-popular-crucero-general-belgrano1.jpg?resize=272%2C182&amp;ssl=1 272w\" sizes=\"auto, (max-width: 800px) 100vw, 800px\" \/><\/figure>\n\n\n\n<p><\/p>\n\n\n\n<p>Es un lugar de estudio, de trabajo, donde se organizan distintos talleres y charlas, que brinda la instituci\u00f3n de manera completamente libre y gratuita, con el aporte voluntario de sus socios y socias. Adem\u00e1s, es un espacio de encuentro, de socializaci\u00f3n, participaci\u00f3n, formaci\u00f3n y aprendizaje. Tiene un \u00e1rea espec\u00edfica de promoci\u00f3n de la lectura y servicio de pr\u00e9stamo y consulta de infinidad de libros, fotocopia, internet y uso de los salones para reuniones, talleres y diferentes actividades comunitarias.<\/p>\n\n\n\n<p><\/p>\n\n\n\n<p>La Biblioteca Popular \u201cCrucero General Belgrano\u201d <strong>funciona de lunes a s\u00e1bado de 9 a 12 y de lunes a viernes de 15 a 18 horas.<\/strong><\/p>\n\n\n\n<p><\/p>\n\n\n\n<figure class=\"wp-block-image aligncenter size-full\"><img data-recalc-dims=\"1\" loading=\"lazy\" decoding=\"async\" width=\"800\" height=\"532\" src=\"https:\/\/i0.wp.com\/cdnoticias.com\/wp-content\/uploads\/2025\/05\/biblioteca-popular-crucero-general-belgrano3.jpg?resize=800%2C532&#038;ssl=1\" alt=\"\" class=\"wp-image-171323\" srcset=\"https:\/\/i0.wp.com\/cdnoticias.com\/wp-content\/uploads\/2025\/05\/biblioteca-popular-crucero-general-belgrano3.jpg?w=900&amp;ssl=1 900w, https:\/\/i0.wp.com\/cdnoticias.com\/wp-content\/uploads\/2025\/05\/biblioteca-popular-crucero-general-belgrano3.jpg?resize=300%2C199&amp;ssl=1 300w, https:\/\/i0.wp.com\/cdnoticias.com\/wp-content\/uploads\/2025\/05\/biblioteca-popular-crucero-general-belgrano3.jpg?resize=768%2C510&amp;ssl=1 768w, https:\/\/i0.wp.com\/cdnoticias.com\/wp-content\/uploads\/2025\/05\/biblioteca-popular-crucero-general-belgrano3.jpg?resize=272%2C182&amp;ssl=1 272w\" sizes=\"auto, (max-width: 800px) 100vw, 800px\" \/><\/figure>\n\n\n\n<p><\/p>\n","protected":false},"excerpt":{"rendered":"<p>La instituci\u00f3n fue beneficiada este domingo en el nuevo ciclo de \u201cCl\u00e1sica y Solidaria\u201d.&nbsp; El intendente Maximiliano Wesner visit\u00f3 la<\/p>\n","protected":false},"author":6,"featured_media":171324,"comment_status":"closed","ping_status":"closed","sticky":false,"template":"","format":"standard","meta":{"_jetpack_memberships_contains_paid_content":false,"footnotes":""},"categories":[5,1],"tags":[],"class_list":["post-171320","post","type-post","status-publish","format-standard","has-post-thumbnail","hentry","category-informacion-general","category-portada"],"jetpack_featured_media_url":"https:\/\/i0.wp.com\/cdnoticias.com\/wp-content\/uploads\/2025\/05\/biblioteca-popular-crucero-general-belgrano2.jpg?fit=900%2C598&ssl=1","jetpack_sharing_enabled":true,"_links":{"self":[{"href":"https:\/\/cdnoticias.com\/index.php\/wp-json\/wp\/v2\/posts\/171320","targetHints":{"allow":["GET"]}}],"collection":[{"href":"https:\/\/cdnoticias.com\/index.php\/wp-json\/wp\/v2\/posts"}],"about":[{"href":"https:\/\/cdnoticias.com\/index.php\/wp-json\/wp\/v2\/types\/post"}],"author":[{"embeddable":true,"href":"https:\/\/cdnoticias.com\/index.php\/wp-json\/wp\/v2\/users\/6"}],"replies":[{"embeddable":true,"href":"https:\/\/cdnoticias.com\/index.php\/wp-json\/wp\/v2\/comments?post=171320"}],"version-history":[{"count":0,"href":"https:\/\/cdnoticias.com\/index.php\/wp-json\/wp\/v2\/posts\/171320\/revisions"}],"wp:featuredmedia":[{"embeddable":true,"href":"https:\/\/cdnoticias.com\/index.php\/wp-json\/wp\/v2\/media\/171324"}],"wp:attachment":[{"href":"https:\/\/cdnoticias.com\/index.php\/wp-json\/wp\/v2\/media?parent=171320"}],"wp:term":[{"taxonomy":"category","embeddable":true,"href":"https:\/\/cdnoticias.com\/index.php\/wp-json\/wp\/v2\/categories?post=171320"},{"taxonomy":"post_tag","embeddable":true,"href":"https:\/\/cdnoticias.com\/index.php\/wp-json\/wp\/v2\/tags?post=171320"}],"curies":[{"name":"wp","href":"https:\/\/api.w.org\/{rel}","templated":true}]}}