{"id":17132,"date":"2021-03-25T10:17:31","date_gmt":"2021-03-25T13:17:31","guid":{"rendered":"http:\/\/www.centraldenoticias.com.ar\/?p=17132"},"modified":"2021-03-25T10:17:31","modified_gmt":"2021-03-25T13:17:31","slug":"lanceta-la-eleccion-ha-sido-un-ejemplo-de-civismo-y-democracia-del-radicalismo","status":"publish","type":"post","link":"https:\/\/cdnoticias.com\/index.php\/2021\/03\/25\/lanceta-la-eleccion-ha-sido-un-ejemplo-de-civismo-y-democracia-del-radicalismo\/","title":{"rendered":"Lanceta: \u201cLa elecci\u00f3n ha sido un ejemplo de civismo y democracia del radicalismo\u201d"},"content":{"rendered":"<p>El candidato a presidente del Comit\u00e9 Olavarr\u00eda por la Lista 11 en las recientes internas de la Uni\u00f3n C\u00edvica Radical, expres\u00f3 sus sensaciones. Destac\u00f3 la participaci\u00f3n y el trabajo \u201ccon recursos propios\u201d.<!--more--><\/p>\n<hr \/>\n<p><strong>El candidato a presidente del Comit\u00e9 Olavarr\u00eda por la Lista 11 en las recientes internas de la Uni\u00f3n C\u00edvica Radical<\/strong>, expres\u00f3 sus sensaciones a horas de terminado el comicio del domingo.<\/p>\n<p>&nbsp;<\/p>\n<p>\u201c<strong>La participaci\u00f3n ha sido la mejor de los \u00faltimos tiempos y eso tiene que enorgullecernos a todos los radicales<\/strong>. Votaron 1200 personas en Olavarr\u00eda, eso nos demuestra que el partido est\u00e1 recuperando su fuego sagrado y por otro lado que los correligionarios est\u00e1n viendo en la UCR otra vez la alternativa que necesita el pa\u00eds&#8221;, comenz\u00f3 reflexionando Lanceta.<\/p>\n<p>&nbsp;<\/p>\n<p>Por otro lado, subray\u00f3 que en Olavarr\u00eda su participaci\u00f3n cumpli\u00f3 y hasta super\u00f3 las expectativas. \u201c<strong>Ven\u00edamos trabajando absolutamente a pulm\u00f3n, con recursos de los propios militantes y nada de contribuci\u00f3n for\u00e1nea<\/strong>. Somos un tercer espacio novedoso y logramos cuatro lugares en el Comit\u00e9 Olavarr\u00eda -los ganadores tienen siete y los segundos tienen cinco-, y uno de los tres lugares en la Convenci\u00f3n Provincial\u201d inform\u00f3.<\/p>\n<p>&nbsp;<\/p>\n<blockquote><p>A modo de balance de lo propio sostuvo que \u201cdimos todo de nosotros y me reconforta el resultado. El oficialismo partidario de nuestra ciudad es la primera minor\u00eda, es para destacar que luego de muchos a\u00f1os de conducci\u00f3n sacaron un 44% y la oposici\u00f3n sum\u00f3 un 56%\u201d.<\/p><\/blockquote>\n<p>&nbsp;<\/p>\n<p>\u201cOjal\u00e1 sirva para reflexionar accionares y decisiones. Engrandecer el partido es responsabilidad de todos pero mucho m\u00e1s de quienes conducen,<strong> esta elecci\u00f3n fue un ejemplo de civismo y democracia del radicalismo<\/strong> y me parece que el \u00fanico ganador ha sido el partido. Tendremos que encolumnarnos detr\u00e1s de los l\u00edderes emergentes como son Facundo Manes y Mart\u00edn Lousteau para poder tener un presidente y un gobernador radical en 2023\u201d, agreg\u00f3 &#8216;Bebe&#8217;.<\/p>\n<p>&nbsp;<\/p>\n<blockquote><p>\u201cNo quiero dejar de agradecer a los m\u00e1s de 300 afiliados que nos acompa\u00f1aron, pregon\u00e9 desde un comienzo la participaci\u00f3n y concurrencia masiva. No dejaremos de trabajar por todos y les digo que nada termin\u00f3 ac\u00e1 sino que reci\u00e9n comienza, dijimos que ser\u00edamos el puente con la juventud y lo cumpliremos\u201d, cerr\u00f3 Rub\u00e9n Lanceta.<\/p><\/blockquote>\n","protected":false},"excerpt":{"rendered":"<p>El candidato a presidente del Comit\u00e9 Olavarr\u00eda por la Lista 11 en las recientes internas de la Uni\u00f3n C\u00edvica Radical,<\/p>\n","protected":false},"author":4,"featured_media":16434,"comment_status":"closed","ping_status":"closed","sticky":false,"template":"","format":"standard","meta":{"_jetpack_memberships_contains_paid_content":false,"footnotes":""},"categories":[4,1],"tags":[],"class_list":["post-17132","post","type-post","status-publish","format-standard","has-post-thumbnail","hentry","category-politica","category-portada"],"jetpack_featured_media_url":"https:\/\/i0.wp.com\/cdnoticias.com\/wp-content\/uploads\/2021\/03\/Lanceta3.jpg?fit=4608%2C3072&ssl=1","jetpack_sharing_enabled":true,"_links":{"self":[{"href":"https:\/\/cdnoticias.com\/index.php\/wp-json\/wp\/v2\/posts\/17132","targetHints":{"allow":["GET"]}}],"collection":[{"href":"https:\/\/cdnoticias.com\/index.php\/wp-json\/wp\/v2\/posts"}],"about":[{"href":"https:\/\/cdnoticias.com\/index.php\/wp-json\/wp\/v2\/types\/post"}],"author":[{"embeddable":true,"href":"https:\/\/cdnoticias.com\/index.php\/wp-json\/wp\/v2\/users\/4"}],"replies":[{"embeddable":true,"href":"https:\/\/cdnoticias.com\/index.php\/wp-json\/wp\/v2\/comments?post=17132"}],"version-history":[{"count":0,"href":"https:\/\/cdnoticias.com\/index.php\/wp-json\/wp\/v2\/posts\/17132\/revisions"}],"wp:featuredmedia":[{"embeddable":true,"href":"https:\/\/cdnoticias.com\/index.php\/wp-json\/wp\/v2\/media\/16434"}],"wp:attachment":[{"href":"https:\/\/cdnoticias.com\/index.php\/wp-json\/wp\/v2\/media?parent=17132"}],"wp:term":[{"taxonomy":"category","embeddable":true,"href":"https:\/\/cdnoticias.com\/index.php\/wp-json\/wp\/v2\/categories?post=17132"},{"taxonomy":"post_tag","embeddable":true,"href":"https:\/\/cdnoticias.com\/index.php\/wp-json\/wp\/v2\/tags?post=17132"}],"curies":[{"name":"wp","href":"https:\/\/api.w.org\/{rel}","templated":true}]}}