{"id":171301,"date":"2025-05-12T13:31:28","date_gmt":"2025-05-12T16:31:28","guid":{"rendered":"https:\/\/cdnoticias.com\/?p=171301"},"modified":"2025-05-12T18:12:29","modified_gmt":"2025-05-12T21:12:29","slug":"liliana-schwindt-no-sobra-nadie-en-la-discusion-que-tenemos-que-dar-para-adelante","status":"publish","type":"post","link":"https:\/\/cdnoticias.com\/index.php\/2025\/05\/12\/liliana-schwindt-no-sobra-nadie-en-la-discusion-que-tenemos-que-dar-para-adelante\/","title":{"rendered":"Liliana Schwindt: \u201cNo sobra nadie en la discusi\u00f3n que tenemos que dar para adelante\u201d"},"content":{"rendered":"<p>La dirigente olavarriense habl\u00f3 sobre la reuni\u00f3n de Movimiento Derecho al Futuro de Tapalqu\u00e9. Resalt\u00f3 a los asistentes desde Olavarr\u00eda. \u201cSon momentos muy dif\u00edciles, sobre todo para nuestra provincia, porque Kicillof se plant\u00f3 contra el gobierno nacional\u201d defini\u00f3.<!--more--><\/p>\n<hr \/>\n<p><a href=\"https:\/\/cdnoticias.com\/index.php\/2025\/05\/11\/fumata-blanca\/\" target=\"_blank\" rel=\"noopener\">Tal como se inform\u00f3<\/a>, el s\u00e1bado se llev\u00f3 a cabo <strong>una reuni\u00f3n de Movimiento Derecho al Futuro que encabeza Axel Kicillof<\/strong>. Fue en Tapalqu\u00e9 donde se convocaron <strong>representantes de todos los distritos de la S\u00e9ptima secci\u00f3n<\/strong>. Una de las asistentes fue <strong>Liliana Schwindt<\/strong> quien destac\u00f3 que \u201cestamos recontentos. La verdad que fue un encuentro que <strong>super\u00f3 las expectativas totalmente<\/strong>. Fue un encuentro que a m\u00ed, que yo soy militante de hace much\u00edsimos a\u00f1os y que he pasado por diferentes etapas de la pol\u00edtica y del peronismo, <strong>me record\u00f3 tiempos viejos en los que se hace el debate verdaderamente\u201d<\/strong>.<\/p>\n<blockquote><p>En una entrevista con el programa Levantate por Radio Sapiens (FM 102.7) subray\u00f3 que a lo largo del encuentro \u201chablaron cuarenta y pico de personas, que nadie los design\u00f3 para hablar. Se circul\u00f3 el micr\u00f3fono libremente, abiertamente y cada uno pudo decir lo que quisiera. Fue muy productivo porque nosotros necesitamos ese tipo de debates internos, que no son para afuera, ni son para ir a contarlos plenamente a los medios\u201d.<\/p><\/blockquote>\n<p>En cuanto a la proyecci\u00f3n del peronismo, en el marco de la interna entre el \u201ckicillofismo\u201d y el \u201ckirchnerismo\u201d, consider\u00f3 que <strong>\u201cla pol\u00edtica es muy din\u00e1mica y es el arte de lo posible.<\/strong> Y es sobre todo la comprensi\u00f3n, el hablar y la escucha del otro. Y <strong>nuestro espacio pol\u00edtico empez\u00f3 por eso, por la escucha, por escucharnos entre nosotros<\/strong>\u201d.<\/p>\n<blockquote class=\"instagram-media\" style=\"background: #FFF; border: 0; border-radius: 3px; box-shadow: 0 0 1px 0 rgba(0,0,0,0.5),0 1px 10px 0 rgba(0,0,0,0.15); margin: 1px; max-width: 540px; min-width: 326px; padding: 0; width: calc(100% - 2px);\" data-instgrm-captioned=\"\" data-instgrm-permalink=\"https:\/\/www.instagram.com\/p\/DJfNHihBUco\/?utm_source=ig_embed&amp;utm_campaign=loading\" data-instgrm-version=\"14\">\n<div style=\"padding: 16px;\">\n<div style=\"display: flex; flex-direction: row; align-items: center;\">\n<div style=\"background-color: #f4f4f4; border-radius: 50%; flex-grow: 0; height: 40px; margin-right: 14px; width: 40px;\"><\/div>\n<div style=\"display: flex; flex-direction: column; flex-grow: 1; justify-content: center;\">\n<div style=\"background-color: #f4f4f4; border-radius: 4px; flex-grow: 0; height: 14px; margin-bottom: 6px; width: 100px;\"><\/div>\n<div style=\"background-color: #f4f4f4; border-radius: 4px; flex-grow: 0; height: 14px; width: 60px;\"><\/div>\n<\/div>\n<\/div>\n<div style=\"padding: 19% 0;\"><\/div>\n<div style=\"display: block; height: 50px; margin: 0 auto 12px; width: 50px;\"><\/div>\n<div style=\"padding-top: 8px;\">\n<div style=\"color: #3897f0; font-family: Arial,sans-serif; font-size: 14px; font-style: normal; font-weight: 550; line-height: 18px;\">Ver esta publicaci\u00f3n en Instagram<\/div>\n<\/div>\n<div style=\"padding: 12.5% 0;\"><\/div>\n<div style=\"display: flex; flex-direction: row; margin-bottom: 14px; align-items: center;\">\n<div>\n<div style=\"background-color: #f4f4f4; border-radius: 50%; height: 12.5px; width: 12.5px; transform: translateX(0px) translateY(7px);\"><\/div>\n<div style=\"background-color: #f4f4f4; height: 12.5px; transform: rotate(-45deg) translateX(3px) translateY(1px); width: 12.5px; flex-grow: 0; margin-right: 14px; margin-left: 2px;\"><\/div>\n<div style=\"background-color: #f4f4f4; border-radius: 50%; height: 12.5px; width: 12.5px; transform: translateX(9px) translateY(-18px);\"><\/div>\n<\/div>\n<div style=\"margin-left: 8px;\">\n<div style=\"background-color: #f4f4f4; border-radius: 50%; flex-grow: 0; height: 20px; width: 20px;\"><\/div>\n<div style=\"width: 0; height: 0; border-top: 2px solid transparent; border-left: 6px solid #f4f4f4; border-bottom: 2px solid transparent; transform: translateX(16px) translateY(-4px) rotate(30deg);\"><\/div>\n<\/div>\n<div style=\"margin-left: auto;\">\n<div style=\"width: 0px; border-top: 8px solid #F4F4F4; border-right: 8px solid transparent; transform: translateY(16px);\"><\/div>\n<div style=\"background-color: #f4f4f4; flex-grow: 0; height: 12px; width: 16px; transform: translateY(-4px);\"><\/div>\n<div style=\"width: 0; height: 0; border-top: 8px solid #F4F4F4; border-left: 8px solid transparent; transform: translateY(-4px) translateX(8px);\"><\/div>\n<\/div>\n<\/div>\n<div style=\"display: flex; flex-direction: column; flex-grow: 1; justify-content: center; margin-bottom: 24px;\">\n<div style=\"background-color: #f4f4f4; border-radius: 4px; flex-grow: 0; height: 14px; margin-bottom: 6px; width: 224px;\"><\/div>\n<div style=\"background-color: #f4f4f4; border-radius: 4px; flex-grow: 0; height: 14px; width: 144px;\"><\/div>\n<\/div>\n<p style=\"color: #c9c8cd; font-family: Arial,sans-serif; font-size: 14px; line-height: 17px; margin-bottom: 0; margin-top: 8px; overflow: hidden; padding: 8px 0 7px; text-align: center; text-overflow: ellipsis; white-space: nowrap;\"><a style=\"color: #c9c8cd; font-family: Arial,sans-serif; font-size: 14px; font-style: normal; font-weight: normal; line-height: 17px; text-decoration: none;\" href=\"https:\/\/www.instagram.com\/p\/DJfNHihBUco\/?utm_source=ig_embed&amp;utm_campaign=loading\" target=\"_blank\" rel=\"noopener\">Una publicaci\u00f3n compartida por Liliana Schwindt \u2b50\ufe0f\u2b50\ufe0f\u2b50\ufe0f (@lilideolavarria)<\/a><\/p>\n<\/div>\n<\/blockquote>\n<p><script async src=\"\/\/www.instagram.com\/embed.js\"><\/script><\/p>\n<blockquote><p>\u201cSi queremos ser representantes del pueblo, lo primero que tenemos que mirar es dejarnos de hablar de estas pavadas, dejarnos de discutir si la fecha de la elecci\u00f3n es el 7, el 8 porque a la gente no le importa. Y discutir otras cosas, porque ahora resulta que no hay m\u00e1s salario. El gobierno nacional no quiere homologar el 1% de aumento. Esas cosas tenemos que discutir y por eso hay que batallar\u201d defini\u00f3 Liliana Schwindt.<\/p><\/blockquote>\n<p>\u201cVeremos para adelante c\u00f3mo sigue\u201d repar\u00f3 la concejal y coordinadora regional del Ministerio de Desarrollo Social para advertir que <strong>\u201cson momentos muy dif\u00edciles, sobre todo para nuestra provincia, porque nuestro gobernador, Kicillof, se plant\u00f3 contra el gobierno nacional desde el primer d\u00eda<\/strong>. No fue a firmar ni el pacto de mayo, ni de junio, ni de agosto. No le acept\u00f3 la firma del RIGI, porque no le iban a dar nada, ya estaba decidido que a nosotros pol\u00edticamente nos iban a castigar. A la provincia de Buenos Aires no le iban a dar nada, firmara o no firmara\u201d. A ello a\u00f1adi\u00f3 que<strong> \u201ca nosotros s\u00ed se nos hacen recorte de recursos, como no se les hace a otros\u201d<\/strong>. En referencia a lo sucedido con los legisladores de Misiones en la votaci\u00f3n del proyecto de ley Ficha Limpia, Schwindt sum\u00f3 <strong>\u201cno tenemos esos enjuagues ni esos contubernios con el gobierno nacional\u201d<\/strong>.<\/p>\n<p>Present\u00f3 una visi\u00f3n del sector peronista en intenci\u00f3n de superar la interna. <strong>\u201cNosotros tenemos que tratar de llegar a entendernos, a comprendernos y a hablar\u201d<\/strong>.<\/p>\n<p><img data-recalc-dims=\"1\" loading=\"lazy\" decoding=\"async\" class=\"alignnone size-large wp-image-171138 aligncenter\" src=\"https:\/\/i0.wp.com\/cdnoticias.com\/wp-content\/uploads\/2025\/05\/tapalque-mdf2.jpeg?resize=800%2C600&#038;ssl=1\" alt=\"\" width=\"800\" height=\"600\" srcset=\"https:\/\/i0.wp.com\/cdnoticias.com\/wp-content\/uploads\/2025\/05\/tapalque-mdf2.jpeg?resize=1024%2C768&amp;ssl=1 1024w, https:\/\/i0.wp.com\/cdnoticias.com\/wp-content\/uploads\/2025\/05\/tapalque-mdf2.jpeg?resize=300%2C225&amp;ssl=1 300w, https:\/\/i0.wp.com\/cdnoticias.com\/wp-content\/uploads\/2025\/05\/tapalque-mdf2.jpeg?resize=768%2C576&amp;ssl=1 768w, https:\/\/i0.wp.com\/cdnoticias.com\/wp-content\/uploads\/2025\/05\/tapalque-mdf2.jpeg?resize=1536%2C1152&amp;ssl=1 1536w, https:\/\/i0.wp.com\/cdnoticias.com\/wp-content\/uploads\/2025\/05\/tapalque-mdf2.jpeg?w=2048&amp;ssl=1 2048w, https:\/\/i0.wp.com\/cdnoticias.com\/wp-content\/uploads\/2025\/05\/tapalque-mdf2.jpeg?w=1600&amp;ssl=1 1600w\" sizes=\"auto, (max-width: 800px) 100vw, 800px\" \/><\/p>\n<h3>Las presencias en Tapalqu\u00e9<\/h3>\n<p>En referencia a la convocatoria lograda desde Olavarr\u00eda, Liliana Schwindt<strong> subray\u00f3 la asistencia de directivos de la CGT<\/strong> y la presencia de sindicatos. <strong>\u201cEstaba (Carlos) Manzur, fue con cuatro sindicalistas m\u00e1s.<\/strong> Estuvimos hablando antes de esto, porque la pol\u00edtica es conversaci\u00f3n. No es que todos caemos ah\u00ed y nadie habl\u00f3 con nadie. Conmigo hablaron antes y yo habl\u00e9 con otros. Nos vamos sacando, digamos, las pulgas que ten\u00edamos atravesadas algunos entre nosotros y vamos para adelante\u201d indic\u00f3.<\/p>\n<p>Luego valor\u00f3 la presencia de Suteba y los movimientos sociales de Olavarr\u00eda, y m\u00e1s adelante fue consultada por la <strong>asistencia del titular del STMO, Jos\u00e9 Stuppia. \u201cNo se le cierra la puerta a nadie\u201d<\/strong> dijo para indicar que tanto con Manzur como con Stuppia \u201cno ten\u00eda di\u00e1logo\u201d previamente.<\/p>\n<p><img data-recalc-dims=\"1\" loading=\"lazy\" decoding=\"async\" class=\"alignnone size-large wp-image-171139 aligncenter\" src=\"https:\/\/i0.wp.com\/cdnoticias.com\/wp-content\/uploads\/2025\/05\/tapalque-mdf1.jpeg?resize=800%2C600&#038;ssl=1\" alt=\"\" width=\"800\" height=\"600\" srcset=\"https:\/\/i0.wp.com\/cdnoticias.com\/wp-content\/uploads\/2025\/05\/tapalque-mdf1.jpeg?resize=1024%2C768&amp;ssl=1 1024w, https:\/\/i0.wp.com\/cdnoticias.com\/wp-content\/uploads\/2025\/05\/tapalque-mdf1.jpeg?resize=300%2C225&amp;ssl=1 300w, https:\/\/i0.wp.com\/cdnoticias.com\/wp-content\/uploads\/2025\/05\/tapalque-mdf1.jpeg?resize=768%2C576&amp;ssl=1 768w, https:\/\/i0.wp.com\/cdnoticias.com\/wp-content\/uploads\/2025\/05\/tapalque-mdf1.jpeg?resize=1536%2C1152&amp;ssl=1 1536w, https:\/\/i0.wp.com\/cdnoticias.com\/wp-content\/uploads\/2025\/05\/tapalque-mdf1.jpeg?w=2048&amp;ssl=1 2048w, https:\/\/i0.wp.com\/cdnoticias.com\/wp-content\/uploads\/2025\/05\/tapalque-mdf1.jpeg?w=1600&amp;ssl=1 1600w\" sizes=\"auto, (max-width: 800px) 100vw, 800px\" \/><\/p>\n<blockquote><p>En contraste, sostuvo que \u201ccon Jos\u00e9 Eseverri s\u00ed, he tenido di\u00e1logo, pero no es constante. Es con alguien con el que siempre hablo y no tengo ning\u00fan tipo de problema. Y a m\u00ed me pareci\u00f3 fant\u00e1stico que Jos\u00e9 haya tomado este paso. Me parece muy bien porque \u00e9l fue un muy buen intendente. Es una persona que tiene una experiencia que no es para desperdiciar\u201d.<\/p><\/blockquote>\n<p>Por \u00faltimo Liliana Schwindt fue consultada por distintos funcionarios provinciales oriundos de Olavarr\u00eda que asistieron a Tapalqu\u00e9, \u201ccon compa\u00f1eros muy, muy valiosos, todos son necesarios. Porque <strong>no sobra nadie en la discusi\u00f3n que tenemos que dar para adelante y el adversario que tenemos enfrente es el gobierno de Javier Milei.<\/strong> No podemos desperdiciar a nadie. Todos somos necesarios. Todos tenemos que estar juntos\u201d.<\/p>\n","protected":false},"excerpt":{"rendered":"<p>La dirigente olavarriense habl\u00f3 sobre la reuni\u00f3n de Movimiento Derecho al Futuro de Tapalqu\u00e9. Resalt\u00f3 a los asistentes desde Olavarr\u00eda.<\/p>\n","protected":false},"author":2,"featured_media":171140,"comment_status":"closed","ping_status":"closed","sticky":false,"template":"","format":"standard","meta":{"_jetpack_memberships_contains_paid_content":false,"footnotes":""},"categories":[4,1],"tags":[],"class_list":["post-171301","post","type-post","status-publish","format-standard","has-post-thumbnail","hentry","category-politica","category-portada"],"jetpack_featured_media_url":"https:\/\/i0.wp.com\/cdnoticias.com\/wp-content\/uploads\/2025\/05\/tapalque-mdf.jpeg?fit=2048%2C1536&ssl=1","jetpack_sharing_enabled":true,"_links":{"self":[{"href":"https:\/\/cdnoticias.com\/index.php\/wp-json\/wp\/v2\/posts\/171301","targetHints":{"allow":["GET"]}}],"collection":[{"href":"https:\/\/cdnoticias.com\/index.php\/wp-json\/wp\/v2\/posts"}],"about":[{"href":"https:\/\/cdnoticias.com\/index.php\/wp-json\/wp\/v2\/types\/post"}],"author":[{"embeddable":true,"href":"https:\/\/cdnoticias.com\/index.php\/wp-json\/wp\/v2\/users\/2"}],"replies":[{"embeddable":true,"href":"https:\/\/cdnoticias.com\/index.php\/wp-json\/wp\/v2\/comments?post=171301"}],"version-history":[{"count":0,"href":"https:\/\/cdnoticias.com\/index.php\/wp-json\/wp\/v2\/posts\/171301\/revisions"}],"wp:featuredmedia":[{"embeddable":true,"href":"https:\/\/cdnoticias.com\/index.php\/wp-json\/wp\/v2\/media\/171140"}],"wp:attachment":[{"href":"https:\/\/cdnoticias.com\/index.php\/wp-json\/wp\/v2\/media?parent=171301"}],"wp:term":[{"taxonomy":"category","embeddable":true,"href":"https:\/\/cdnoticias.com\/index.php\/wp-json\/wp\/v2\/categories?post=171301"},{"taxonomy":"post_tag","embeddable":true,"href":"https:\/\/cdnoticias.com\/index.php\/wp-json\/wp\/v2\/tags?post=171301"}],"curies":[{"name":"wp","href":"https:\/\/api.w.org\/{rel}","templated":true}]}}