{"id":17128,"date":"2021-03-25T09:15:45","date_gmt":"2021-03-25T12:15:45","guid":{"rendered":"http:\/\/www.centraldenoticias.com.ar\/?p=17128"},"modified":"2021-03-25T10:51:41","modified_gmt":"2021-03-25T13:51:41","slug":"galli-repudio-los-dichos-de-estela-de-carlotto-y-defendio-a-macri","status":"publish","type":"post","link":"https:\/\/cdnoticias.com\/index.php\/2021\/03\/25\/galli-repudio-los-dichos-de-estela-de-carlotto-y-defendio-a-macri\/","title":{"rendered":"Galli repudi\u00f3 los dichos de Estela de Carlotto y defendi\u00f3 a Macri"},"content":{"rendered":"<p>El intendente defendi\u00f3 al ex presidente Macri. Consider\u00f3 que los dichos de la titular de Abuelas de Plaza de Mayo son \u201cantidemocr\u00e1ticos\u201d.\u00a0Otros dirigentes de Juntos por el Cambio se expresaron en el mismo sentido.<\/p>\n<p><!--more--><\/p>\n<hr \/>\n<p>En el marco del D\u00eda Nacional de la Memoria <strong>la presidenta de Abuelas de Plaza de Mayo, Estela de Carlotto<\/strong>, brind\u00f3 una entrevista radial en la que <strong>sostuvo que el ex presidente Mauricio Macri \u201ctiene que estar preso, ya se ha demostrado que es un delincuente\u201d<\/strong>.<\/p>\n<p>&nbsp;<\/p>\n<p>Poco despu\u00e9s <strong>el jefe comunal se expres\u00f3 en tono de repudio<\/strong> a los dichos de la dirigente y defendi\u00f3 a Macri.<\/p>\n<p>&nbsp;<\/p>\n<blockquote class=\"twitter-tweet\">\n<p dir=\"ltr\" lang=\"es\">Mi repudio absoluto a los dichos de Estela de Carlotto de hoy instando a meter preso a <a href=\"https:\/\/twitter.com\/mauriciomacri?ref_src=twsrc%5Etfw\">@MauricioMacri<\/a>. Estas declaraciones totalmente antidemocr\u00e1ticas le hacen mucho da\u00f1o a nuestro pa\u00eds y nos alejan del estado de derecho.<\/p>\n<p>\u2014 Ezequiel Galli (@ezequielgalli) <a href=\"https:\/\/twitter.com\/ezequielgalli\/status\/1374907347403935749?ref_src=twsrc%5Etfw\">March 25, 2021<\/a><\/p><\/blockquote>\n<p><script async src=\"https:\/\/platform.twitter.com\/widgets.js\" charset=\"utf-8\"><\/script><\/p>\n<p><strong>\u201cMi repudio absoluto a los dichos de Estela de Carlotto de hoy instando a meter preso a Mauricio Macri\u201d<\/strong> sostuvo Ezequiel Galli.<\/p>\n<p>&nbsp;<\/p>\n<p>El intendente consider\u00f3 que \u201c<strong>estas declaraciones totalmente antidemocr\u00e1ticas<\/strong> le hacen mucho da\u00f1o a nuestro pa\u00eds y nos alejan del estado de derecho\u201d.<\/p>\n<p>&nbsp;<\/p>\n<p>Estela de Carlotto se hab\u00eda expresado en El Destape Radio en el marco de la conmemoraci\u00f3n del 24 de marzo de 1976. \u201cRecordar es una necesidad. Lo que se olvida se repite. La sociedad no puede desconocer lo que pas\u00f3\u201d afirm\u00f3.<\/p>\n<p><img data-recalc-dims=\"1\" loading=\"lazy\" decoding=\"async\" class=\"aligncenter wp-image-14318\" src=\"https:\/\/i0.wp.com\/cdnoticias.com\/wp-content\/uploads\/2021\/02\/5f91625950c92_1004x565.jpg?resize=600%2C338&#038;ssl=1\" alt=\"\" width=\"600\" height=\"338\" srcset=\"https:\/\/i0.wp.com\/cdnoticias.com\/wp-content\/uploads\/2021\/02\/5f91625950c92_1004x565.jpg?resize=300%2C169&amp;ssl=1 300w, https:\/\/i0.wp.com\/cdnoticias.com\/wp-content\/uploads\/2021\/02\/5f91625950c92_1004x565.jpg?resize=768%2C432&amp;ssl=1 768w, https:\/\/i0.wp.com\/cdnoticias.com\/wp-content\/uploads\/2021\/02\/5f91625950c92_1004x565.jpg?w=1004&amp;ssl=1 1004w\" sizes=\"auto, (max-width: 600px) 100vw, 600px\" \/><\/p>\n<p>&nbsp;<\/p>\n<p><strong>M\u00e1s rechazos<\/strong><\/p>\n<p>&nbsp;<\/p>\n<p>Otros<strong> dirigentes de Juntos por el Cambio<\/strong> salieron tambi\u00e9n al cruce de la presidenta de Abuelas de Plaza de Mayo.<\/p>\n<p>&nbsp;<\/p>\n<p>La<strong> ex gobernadora Mar\u00eda Eugenia Vidal<\/strong> acus\u00f3 a Estela de Carlotto de \u201ccreer que est\u00e1 por encima de la ley y la Justicia\u201d.<\/p>\n<p>&nbsp;<\/p>\n<blockquote class=\"twitter-tweet\">\n<p dir=\"ltr\" lang=\"es\">Un dia como hoy lamento las agresiones a <a href=\"https:\/\/twitter.com\/mauriciomacri?ref_src=twsrc%5Etfw\">@mauriciomacri<\/a>. Quienes saben que sus palabras son escuchadas y dicen defender la democracia no deber\u00edan creer estar por encima de la ley y la justicia.<\/p>\n<p>\u2014 Mar\u00eda Eugenia Vidal (@mariuvidal) <a href=\"https:\/\/twitter.com\/mariuvidal\/status\/1374908435993595909?ref_src=twsrc%5Etfw\">March 25, 2021<\/a><\/p><\/blockquote>\n<p><script async src=\"https:\/\/platform.twitter.com\/widgets.js\" charset=\"utf-8\"><\/script><br \/>\nTambi\u00e9n public\u00f3 un mensaje de rechazo <strong>la ex ministra de Seguridad y presidenta del PRO, Patricia Bullrich<\/strong>: \u201cMe gustar\u00eda saber con qu\u00e9 autoridad y bajo qu\u00e9 argumento Estela de Carlotto exige la prisi\u00f3n del ex presidente Mauricio Macri, mientras aplaude a una ex presidenta como Cristina Fernandez que tiene varios pedidos de prisi\u00f3n\u201d.<\/p>\n<p>&nbsp;<\/p>\n<p>Por su parte, <strong>el intendente de Vicente L\u00f3pez, Jorge Macri<\/strong>, dijo: \u201crepudio sus dichos y le pido que no sea parte del avance kirchnerista sobre la justicia\u201d.<\/p>\n","protected":false},"excerpt":{"rendered":"<p>El intendente defendi\u00f3 al ex presidente Macri. Consider\u00f3 que los dichos de la titular de Abuelas de Plaza de Mayo<\/p>\n","protected":false},"author":4,"featured_media":338,"comment_status":"closed","ping_status":"closed","sticky":false,"template":"","format":"standard","meta":{"_jetpack_memberships_contains_paid_content":false,"footnotes":""},"categories":[4,1],"tags":[],"class_list":["post-17128","post","type-post","status-publish","format-standard","has-post-thumbnail","hentry","category-politica","category-portada"],"jetpack_featured_media_url":"https:\/\/i0.wp.com\/cdnoticias.com\/wp-content\/uploads\/2020\/08\/EzequielGalli1.jpg?fit=4608%2C3072&ssl=1","jetpack_sharing_enabled":true,"_links":{"self":[{"href":"https:\/\/cdnoticias.com\/index.php\/wp-json\/wp\/v2\/posts\/17128","targetHints":{"allow":["GET"]}}],"collection":[{"href":"https:\/\/cdnoticias.com\/index.php\/wp-json\/wp\/v2\/posts"}],"about":[{"href":"https:\/\/cdnoticias.com\/index.php\/wp-json\/wp\/v2\/types\/post"}],"author":[{"embeddable":true,"href":"https:\/\/cdnoticias.com\/index.php\/wp-json\/wp\/v2\/users\/4"}],"replies":[{"embeddable":true,"href":"https:\/\/cdnoticias.com\/index.php\/wp-json\/wp\/v2\/comments?post=17128"}],"version-history":[{"count":0,"href":"https:\/\/cdnoticias.com\/index.php\/wp-json\/wp\/v2\/posts\/17128\/revisions"}],"wp:featuredmedia":[{"embeddable":true,"href":"https:\/\/cdnoticias.com\/index.php\/wp-json\/wp\/v2\/media\/338"}],"wp:attachment":[{"href":"https:\/\/cdnoticias.com\/index.php\/wp-json\/wp\/v2\/media?parent=17128"}],"wp:term":[{"taxonomy":"category","embeddable":true,"href":"https:\/\/cdnoticias.com\/index.php\/wp-json\/wp\/v2\/categories?post=17128"},{"taxonomy":"post_tag","embeddable":true,"href":"https:\/\/cdnoticias.com\/index.php\/wp-json\/wp\/v2\/tags?post=17128"}],"curies":[{"name":"wp","href":"https:\/\/api.w.org\/{rel}","templated":true}]}}