{"id":17124,"date":"2021-03-25T08:23:39","date_gmt":"2021-03-25T11:23:39","guid":{"rendered":"http:\/\/www.centraldenoticias.com.ar\/?p=17124"},"modified":"2021-03-25T20:19:11","modified_gmt":"2021-03-25T23:19:11","slug":"blanca-esther-broussain-viuda-de-corceri-q-e-p-d","status":"publish","type":"post","link":"https:\/\/cdnoticias.com\/index.php\/2021\/03\/25\/blanca-esther-broussain-viuda-de-corceri-q-e-p-d\/","title":{"rendered":"Blanca Esther Broussain viuda de Corceri (Q.E.P.D.)"},"content":{"rendered":"<p>Falleci\u00f3 en Olavarr\u00eda el d\u00eda 24 de marzo de 2021 a los 89 a\u00f1os de edad. Su hija Susana Corseri, sus sobrinos Meri Giles, Jorge Iguerategui, Einar y Tomas Iguerategui y Victoria Barbelli; su cu\u00f1ado Sergio Bros, sus sobrinos Bel\u00e9n Laborde, Marci y dem\u00e1s deudos participan su fallecimiento.<\/p>\n<p>&nbsp;<\/p>\n<p>Sin velatorio. Responso: Cementerio Municipal de Olavarr\u00eda. Inhumaci\u00f3n: Cementerio Municipal de Olavarr\u00eda, jueves 25 de marzo a las 11:00. Servicio adherido a Coopelectric.<\/p>\n","protected":false},"excerpt":{"rendered":"<p>Falleci\u00f3 en Olavarr\u00eda el d\u00eda 24 de marzo de 2021 a los 89 a\u00f1os de edad. Su hija Susana Corseri,<\/p>\n","protected":false},"author":4,"featured_media":0,"comment_status":"closed","ping_status":"closed","sticky":false,"template":"","format":"standard","meta":{"_jetpack_memberships_contains_paid_content":false,"footnotes":""},"categories":[10],"tags":[],"class_list":["post-17124","post","type-post","status-publish","format-standard","hentry","category-necrologicas"],"jetpack_featured_media_url":"","jetpack_sharing_enabled":true,"_links":{"self":[{"href":"https:\/\/cdnoticias.com\/index.php\/wp-json\/wp\/v2\/posts\/17124","targetHints":{"allow":["GET"]}}],"collection":[{"href":"https:\/\/cdnoticias.com\/index.php\/wp-json\/wp\/v2\/posts"}],"about":[{"href":"https:\/\/cdnoticias.com\/index.php\/wp-json\/wp\/v2\/types\/post"}],"author":[{"embeddable":true,"href":"https:\/\/cdnoticias.com\/index.php\/wp-json\/wp\/v2\/users\/4"}],"replies":[{"embeddable":true,"href":"https:\/\/cdnoticias.com\/index.php\/wp-json\/wp\/v2\/comments?post=17124"}],"version-history":[{"count":0,"href":"https:\/\/cdnoticias.com\/index.php\/wp-json\/wp\/v2\/posts\/17124\/revisions"}],"wp:attachment":[{"href":"https:\/\/cdnoticias.com\/index.php\/wp-json\/wp\/v2\/media?parent=17124"}],"wp:term":[{"taxonomy":"category","embeddable":true,"href":"https:\/\/cdnoticias.com\/index.php\/wp-json\/wp\/v2\/categories?post=17124"},{"taxonomy":"post_tag","embeddable":true,"href":"https:\/\/cdnoticias.com\/index.php\/wp-json\/wp\/v2\/tags?post=17124"}],"curies":[{"name":"wp","href":"https:\/\/api.w.org\/{rel}","templated":true}]}}