{"id":171214,"date":"2025-05-11T20:05:06","date_gmt":"2025-05-11T23:05:06","guid":{"rendered":"https:\/\/cdnoticias.com\/?p=171214"},"modified":"2025-05-12T09:21:19","modified_gmt":"2025-05-12T12:21:19","slug":"fiesta-de-la-kerb-el-municipio-confirmo-mas-de-15-mil-personas-en-colonia-nievas","status":"publish","type":"post","link":"https:\/\/cdnoticias.com\/index.php\/2025\/05\/11\/fiesta-de-la-kerb-el-municipio-confirmo-mas-de-15-mil-personas-en-colonia-nievas\/","title":{"rendered":"Fiesta de la Kerb: el Municipio confirm\u00f3 m\u00e1s de 15 mil personas en Colonia Nievas"},"content":{"rendered":"\n<p>Super\u00f3 todas las expectativas y previsiones de los organizadores, con la llegada de visitantes de toda la regi\u00f3n. Hubo un importante operativo a la salida para \u201cgarantizar la segura desconcentraci\u00f3n\u201d.<\/p>\n\n\n\n<hr class=\"wp-block-separator aligncenter has-alpha-channel-opacity\"\/>\n\n\n\n<p>En la jornada de este domingo<strong> Colonia Nievas celebr\u00f3 su 147\u00ba aniversario con un evento hist\u00f3rico debido a su masiva convocatoria, que super\u00f3 toda las expectativas y previsiones.<\/strong> Arribaron visitantes de distintos puntos no solo del Partido de Olavarr\u00eda, sino tambi\u00e9n de <strong>distintas ciudades del centro bonaerense, lo que le brindo un color y movimiento in\u00e9dito. Desde la Subsecretar\u00eda de Protecci\u00f3n Ciudadana del Municipio se despleg\u00f3 un importante operativo para garantizar la segura desconcentraci\u00f3n de las y los concurrentes.<\/strong><\/p>\n\n\n\n<figure class=\"wp-block-image size-large\"><img data-recalc-dims=\"1\" loading=\"lazy\" decoding=\"async\" width=\"800\" height=\"600\" src=\"https:\/\/i0.wp.com\/cdnoticias.com\/wp-content\/uploads\/2025\/05\/WhatsApp-Image-2025-05-11-at-18.00.07-scaled-1.jpeg?resize=800%2C600&#038;ssl=1\" alt=\"\" class=\"wp-image-171217\" srcset=\"https:\/\/i0.wp.com\/cdnoticias.com\/wp-content\/uploads\/2025\/05\/WhatsApp-Image-2025-05-11-at-18.00.07-scaled-1.jpeg?resize=1024%2C768&amp;ssl=1 1024w, https:\/\/i0.wp.com\/cdnoticias.com\/wp-content\/uploads\/2025\/05\/WhatsApp-Image-2025-05-11-at-18.00.07-scaled-1.jpeg?resize=300%2C225&amp;ssl=1 300w, https:\/\/i0.wp.com\/cdnoticias.com\/wp-content\/uploads\/2025\/05\/WhatsApp-Image-2025-05-11-at-18.00.07-scaled-1.jpeg?resize=768%2C576&amp;ssl=1 768w, https:\/\/i0.wp.com\/cdnoticias.com\/wp-content\/uploads\/2025\/05\/WhatsApp-Image-2025-05-11-at-18.00.07-scaled-1.jpeg?resize=1536%2C1152&amp;ssl=1 1536w, https:\/\/i0.wp.com\/cdnoticias.com\/wp-content\/uploads\/2025\/05\/WhatsApp-Image-2025-05-11-at-18.00.07-scaled-1.jpeg?resize=2048%2C1536&amp;ssl=1 2048w, https:\/\/i0.wp.com\/cdnoticias.com\/wp-content\/uploads\/2025\/05\/WhatsApp-Image-2025-05-11-at-18.00.07-scaled-1.jpeg?w=1600&amp;ssl=1 1600w, https:\/\/i0.wp.com\/cdnoticias.com\/wp-content\/uploads\/2025\/05\/WhatsApp-Image-2025-05-11-at-18.00.07-scaled-1.jpeg?w=2400&amp;ssl=1 2400w\" sizes=\"auto, (max-width: 800px) 100vw, 800px\" \/><\/figure>\n\n\n\n<p>El arribo de visitantes no se detuvo durante toda la celebraci\u00f3n, lo que brind\u00f3 un escenario tan colorido como in\u00e9dito. <strong>Todas las personas se acercaron atra\u00eddas por una propuesta que se ha consolidado en el calendario tur\u00edstico de la regi\u00f3n, gracias a una propuesta que fusiona las tradiciones la comunidad de alemanas del volga, con la m\u00e1s rica gastronom\u00eda y tambi\u00e9n su espacio para el arte, la danza y los shows musicales.<\/strong><\/p>\n\n\n\n<p>Cada una de esas actividades se desarrollaron en la emblem\u00e1tica Plaza \u201cJuan Jos\u00e9 Naviliat\u201d, ubicada en el coraz\u00f3n de la localidad olavarriense.<\/p>\n\n\n\n<figure class=\"wp-block-image size-large\"><img data-recalc-dims=\"1\" loading=\"lazy\" decoding=\"async\" width=\"800\" height=\"600\" src=\"https:\/\/i0.wp.com\/cdnoticias.com\/wp-content\/uploads\/2025\/05\/WhatsApp-Image-2025-05-11-at-19.45.14-scaled-1.jpeg?resize=800%2C600&#038;ssl=1\" alt=\"\" class=\"wp-image-171219\" srcset=\"https:\/\/i0.wp.com\/cdnoticias.com\/wp-content\/uploads\/2025\/05\/WhatsApp-Image-2025-05-11-at-19.45.14-scaled-1.jpeg?resize=1024%2C768&amp;ssl=1 1024w, https:\/\/i0.wp.com\/cdnoticias.com\/wp-content\/uploads\/2025\/05\/WhatsApp-Image-2025-05-11-at-19.45.14-scaled-1.jpeg?resize=300%2C225&amp;ssl=1 300w, https:\/\/i0.wp.com\/cdnoticias.com\/wp-content\/uploads\/2025\/05\/WhatsApp-Image-2025-05-11-at-19.45.14-scaled-1.jpeg?resize=768%2C576&amp;ssl=1 768w, https:\/\/i0.wp.com\/cdnoticias.com\/wp-content\/uploads\/2025\/05\/WhatsApp-Image-2025-05-11-at-19.45.14-scaled-1.jpeg?resize=1536%2C1152&amp;ssl=1 1536w, https:\/\/i0.wp.com\/cdnoticias.com\/wp-content\/uploads\/2025\/05\/WhatsApp-Image-2025-05-11-at-19.45.14-scaled-1.jpeg?resize=2048%2C1536&amp;ssl=1 2048w, https:\/\/i0.wp.com\/cdnoticias.com\/wp-content\/uploads\/2025\/05\/WhatsApp-Image-2025-05-11-at-19.45.14-scaled-1.jpeg?w=1600&amp;ssl=1 1600w, https:\/\/i0.wp.com\/cdnoticias.com\/wp-content\/uploads\/2025\/05\/WhatsApp-Image-2025-05-11-at-19.45.14-scaled-1.jpeg?w=2400&amp;ssl=1 2400w\" sizes=\"auto, (max-width: 800px) 100vw, 800px\" \/><\/figure>\n\n\n\n<p>El evento cont\u00f3 con un gran cierre musical que estuvo a cargo del grupo \u201cHay Amor\u201d de Azul.<\/p>\n\n\n\n<p>La fiesta fue organizada desde el Municipio de Olavarr\u00eda, junto a la Delegaci\u00f3n Municipal de Hinojo, a trav\u00e9s del trabajo articulado de distintas \u00e1reas. En ese sentido, y<strong> debido a la masiva concurrencia, durante toda la jornada pudo verse el desarrollo de diversas labores preventivas desde la Subsecretar\u00eda de Protecci\u00f3n Ciudadana para garantizar un seguro arribo tanto a la localidad como a la Ruta Nacional N.\u00ba 226 para poder llevar a cabo el regreso a casa.<\/strong><\/p>\n\n\n\n<figure class=\"wp-block-image size-large\"><img data-recalc-dims=\"1\" loading=\"lazy\" decoding=\"async\" width=\"800\" height=\"600\" src=\"https:\/\/i0.wp.com\/cdnoticias.com\/wp-content\/uploads\/2025\/05\/WhatsApp-Image-2025-05-11-at-18.00.08-scaled-1.jpeg?resize=800%2C600&#038;ssl=1\" alt=\"\" class=\"wp-image-171215\" srcset=\"https:\/\/i0.wp.com\/cdnoticias.com\/wp-content\/uploads\/2025\/05\/WhatsApp-Image-2025-05-11-at-18.00.08-scaled-1.jpeg?resize=1024%2C768&amp;ssl=1 1024w, https:\/\/i0.wp.com\/cdnoticias.com\/wp-content\/uploads\/2025\/05\/WhatsApp-Image-2025-05-11-at-18.00.08-scaled-1.jpeg?resize=300%2C225&amp;ssl=1 300w, https:\/\/i0.wp.com\/cdnoticias.com\/wp-content\/uploads\/2025\/05\/WhatsApp-Image-2025-05-11-at-18.00.08-scaled-1.jpeg?resize=768%2C576&amp;ssl=1 768w, https:\/\/i0.wp.com\/cdnoticias.com\/wp-content\/uploads\/2025\/05\/WhatsApp-Image-2025-05-11-at-18.00.08-scaled-1.jpeg?resize=1536%2C1152&amp;ssl=1 1536w, https:\/\/i0.wp.com\/cdnoticias.com\/wp-content\/uploads\/2025\/05\/WhatsApp-Image-2025-05-11-at-18.00.08-scaled-1.jpeg?resize=2048%2C1536&amp;ssl=1 2048w, https:\/\/i0.wp.com\/cdnoticias.com\/wp-content\/uploads\/2025\/05\/WhatsApp-Image-2025-05-11-at-18.00.08-scaled-1.jpeg?w=1600&amp;ssl=1 1600w, https:\/\/i0.wp.com\/cdnoticias.com\/wp-content\/uploads\/2025\/05\/WhatsApp-Image-2025-05-11-at-18.00.08-scaled-1.jpeg?w=2400&amp;ssl=1 2400w\" sizes=\"auto, (max-width: 800px) 100vw, 800px\" \/><\/figure>\n\n\n\n<p>El Municipio de Olavarr\u00eda <em>\u201cagradece a cada una de las personas que fueron parte de esta verdadera fiesta y las invita a seguir de cerca el calendario de eventos y propuestas que son ofrecidas desde la comuna\u201d <\/em>indicaron en una comunicaci\u00f3n emitida cerca de las 20:00 horas de este domingo.<\/p>\n","protected":false},"excerpt":{"rendered":"<p>Super\u00f3 todas las expectativas y previsiones de los organizadores, con la llegada de visitantes de toda la regi\u00f3n. Hubo un<\/p>\n","protected":false},"author":2,"featured_media":171218,"comment_status":"closed","ping_status":"closed","sticky":false,"template":"","format":"standard","meta":{"_jetpack_memberships_contains_paid_content":false,"footnotes":""},"categories":[5,1],"tags":[],"class_list":["post-171214","post","type-post","status-publish","format-standard","has-post-thumbnail","hentry","category-informacion-general","category-portada"],"jetpack_featured_media_url":"https:\/\/i0.wp.com\/cdnoticias.com\/wp-content\/uploads\/2025\/05\/WhatsApp-Image-2025-05-11-at-19.45.13-scaled-1.jpeg?fit=2560%2C1920&ssl=1","jetpack_sharing_enabled":true,"_links":{"self":[{"href":"https:\/\/cdnoticias.com\/index.php\/wp-json\/wp\/v2\/posts\/171214","targetHints":{"allow":["GET"]}}],"collection":[{"href":"https:\/\/cdnoticias.com\/index.php\/wp-json\/wp\/v2\/posts"}],"about":[{"href":"https:\/\/cdnoticias.com\/index.php\/wp-json\/wp\/v2\/types\/post"}],"author":[{"embeddable":true,"href":"https:\/\/cdnoticias.com\/index.php\/wp-json\/wp\/v2\/users\/2"}],"replies":[{"embeddable":true,"href":"https:\/\/cdnoticias.com\/index.php\/wp-json\/wp\/v2\/comments?post=171214"}],"version-history":[{"count":0,"href":"https:\/\/cdnoticias.com\/index.php\/wp-json\/wp\/v2\/posts\/171214\/revisions"}],"wp:featuredmedia":[{"embeddable":true,"href":"https:\/\/cdnoticias.com\/index.php\/wp-json\/wp\/v2\/media\/171218"}],"wp:attachment":[{"href":"https:\/\/cdnoticias.com\/index.php\/wp-json\/wp\/v2\/media?parent=171214"}],"wp:term":[{"taxonomy":"category","embeddable":true,"href":"https:\/\/cdnoticias.com\/index.php\/wp-json\/wp\/v2\/categories?post=171214"},{"taxonomy":"post_tag","embeddable":true,"href":"https:\/\/cdnoticias.com\/index.php\/wp-json\/wp\/v2\/tags?post=171214"}],"curies":[{"name":"wp","href":"https:\/\/api.w.org\/{rel}","templated":true}]}}