{"id":171151,"date":"2025-05-11T09:06:13","date_gmt":"2025-05-11T12:06:13","guid":{"rendered":"https:\/\/cdnoticias.com\/?p=171151"},"modified":"2025-05-11T17:37:07","modified_gmt":"2025-05-11T20:37:07","slug":"este-domingo-colonia-nievas-celebra-su-147o-aniversario","status":"publish","type":"post","link":"https:\/\/cdnoticias.com\/index.php\/2025\/05\/11\/este-domingo-colonia-nievas-celebra-su-147o-aniversario\/","title":{"rendered":"Este domingo Colonia Nievas celebra su 147\u00ba aniversario"},"content":{"rendered":"\n<p>El festejo coincide con la realizaci\u00f3n de la celebraci\u00f3n de la Kerb. Las actividades se emplazar\u00e1n en la Plaza \u201cJuan Jos\u00e9 Naviliat\u201d.<\/p>\n\n\n\n<hr class=\"wp-block-separator has-alpha-channel-opacity\"\/>\n\n\n\n<p>Colonia Nievas prepar\u00f3 distintas actividades en el marco del festejo por su <strong>147\u00ba aniversario <\/strong>que se desarrollar\u00e1 este domingo 11 de mayo en la localidad.<\/p>\n\n\n\n<p><\/p>\n\n\n\n<p>Asimismo,<strong> se realizar\u00e1 la celebraci\u00f3n de la Kerb o del Santo Patrono, que es San Miguel Arc\u00e1ngel.<\/strong> \u201cEstas festividades tienen un profundo sentido religioso y cultural\u201d se indic\u00f3 desde la localidad.<\/p>\n\n\n\n<p><\/p>\n\n\n\n<p>Se record\u00f3 que Colonia Nievas fue fundada en 1878 por Alemanes del Volga. Cinco a\u00f1os despu\u00e9s, en 1883, fundaron la Capilla \u201cSan Miguel Arc\u00e1ngel\u201d. Esta es la primera iglesia cat\u00f3lica de los Alemanes del Volga en Argentina y la capilla m\u00e1s antigua del Partido de Olavarr\u00eda.<\/p>\n\n\n\n<p><\/p>\n\n\n\n<p>La jornada festiva<strong> se emplazar\u00e1 en la Plaza \u201cJuan Jos\u00e9 Naviliat\u201d y dar\u00e1 inicio a las 11 horas con la misa en la Capilla <\/strong>y continuar\u00e1 desde el mediod\u00eda con patio de comidas, artesanos, desfile y espect\u00e1culos musicales.<\/p>\n\n\n\n<p><\/p>\n\n\n\n<p>\u201cEn la actualidad este evento re\u00fane <strong>cada a\u00f1o mayor cantidad de concurrentes de toda la regi\u00f3n<\/strong>, atra\u00eddos por la importante propuesta religiosa, cultural, gastron\u00f3mica, artesanal y tambi\u00e9n la presentaci\u00f3n de distintos espect\u00e1culos\u201d se destac\u00f3 desde Colonia Nievas.<\/p>\n\n\n\n<p><\/p>\n\n\n\n<p><strong>Programaci\u00f3n<\/strong><\/p>\n\n\n\n<p><\/p>\n\n\n\n<p>11:00 horas: Celebraci\u00f3n de la Santa Misa en la Capilla San Miguel Arc\u00e1ngel y posterior procesi\u00f3n.<\/p>\n\n\n\n<p>13:00 horas. Habilitaci\u00f3n oficial de los patios de comida con puestos gastronom\u00eda t\u00edpica y foodtruck y de la muestra de artesanos y emprendedores.<\/p>\n\n\n\n<p>14:00 horas. Presentaci\u00f3n de la Banda Escuela \u201cHugo Bazzano\u201d.<\/p>\n\n\n\n<p>14:30 horas. Acto protocolar.<\/p>\n\n\n\n<p>14:45 horas. Danza t\u00edpica a cargo del Ballet \u201cWir Bringen Freunden\u201d.<\/p>\n\n\n\n<p>15:00 horas. Desfile de representaciones.<\/p>\n\n\n\n<p>15:30 horas. Danza t\u00edpica a cargo del \u201cBallet Vesn\u00e1\u201d de la ciudad de Azul.<\/p>\n\n\n\n<p>16:00 horas. Nicol\u00e1s Centineo<\/p>\n\n\n\n<p>17:00 horas. Cierre a cargo del grupo \u201cHay Amor\u201d de la ciudad de Azul.<\/p>\n\n\n\n<p><\/p>\n\n\n\n<p>Se invit\u00f3 a participar de este evento popular que pretende generar un espacio festivo y reunir a vecinos, ex vecinos, y p\u00fablico en general<strong> poniendo en valor la cultura y tradici\u00f3n de los alemanes del Volga, la gastronom\u00eda, la m\u00fasica y la danza.<\/strong><\/p>\n","protected":false},"excerpt":{"rendered":"<p>El festejo coincide con la realizaci\u00f3n de la celebraci\u00f3n de la Kerb. Las actividades se emplazar\u00e1n en la Plaza \u201cJuan<\/p>\n","protected":false},"author":5,"featured_media":116074,"comment_status":"closed","ping_status":"closed","sticky":false,"template":"","format":"standard","meta":{"_jetpack_memberships_contains_paid_content":false,"footnotes":""},"categories":[5],"tags":[],"class_list":["post-171151","post","type-post","status-publish","format-standard","has-post-thumbnail","hentry","category-informacion-general"],"jetpack_featured_media_url":"https:\/\/i0.wp.com\/cdnoticias.com\/wp-content\/uploads\/2024\/05\/colonia-nievas-kerb-2024-06a.jpg?fit=1000%2C556&ssl=1","jetpack_sharing_enabled":true,"_links":{"self":[{"href":"https:\/\/cdnoticias.com\/index.php\/wp-json\/wp\/v2\/posts\/171151","targetHints":{"allow":["GET"]}}],"collection":[{"href":"https:\/\/cdnoticias.com\/index.php\/wp-json\/wp\/v2\/posts"}],"about":[{"href":"https:\/\/cdnoticias.com\/index.php\/wp-json\/wp\/v2\/types\/post"}],"author":[{"embeddable":true,"href":"https:\/\/cdnoticias.com\/index.php\/wp-json\/wp\/v2\/users\/5"}],"replies":[{"embeddable":true,"href":"https:\/\/cdnoticias.com\/index.php\/wp-json\/wp\/v2\/comments?post=171151"}],"version-history":[{"count":0,"href":"https:\/\/cdnoticias.com\/index.php\/wp-json\/wp\/v2\/posts\/171151\/revisions"}],"wp:featuredmedia":[{"embeddable":true,"href":"https:\/\/cdnoticias.com\/index.php\/wp-json\/wp\/v2\/media\/116074"}],"wp:attachment":[{"href":"https:\/\/cdnoticias.com\/index.php\/wp-json\/wp\/v2\/media?parent=171151"}],"wp:term":[{"taxonomy":"category","embeddable":true,"href":"https:\/\/cdnoticias.com\/index.php\/wp-json\/wp\/v2\/categories?post=171151"},{"taxonomy":"post_tag","embeddable":true,"href":"https:\/\/cdnoticias.com\/index.php\/wp-json\/wp\/v2\/tags?post=171151"}],"curies":[{"name":"wp","href":"https:\/\/api.w.org\/{rel}","templated":true}]}}