{"id":171128,"date":"2025-05-10T18:51:02","date_gmt":"2025-05-10T21:51:02","guid":{"rendered":"https:\/\/cdnoticias.com\/?p=171128"},"modified":"2025-05-10T18:51:05","modified_gmt":"2025-05-10T21:51:05","slug":"lanzaron-el-programa-coordenadas-para-vincular-a-estudiantes-con-la-formacion-superior-y-el-mundo-laboral","status":"publish","type":"post","link":"https:\/\/cdnoticias.com\/index.php\/2025\/05\/10\/lanzaron-el-programa-coordenadas-para-vincular-a-estudiantes-con-la-formacion-superior-y-el-mundo-laboral\/","title":{"rendered":"Lanzaron el programa \u201cCoordenadas\u201d para vincular a estudiantes con la formaci\u00f3n superior y el mundo laboral"},"content":{"rendered":"\n<p>La iniciativa fue presentada este viernes por el intendente Maximiliano Wesner junto a autoridades provinciales y busca orientar a alumnos del \u00faltimo a\u00f1o del secundario mediante talleres y actividades de vinculaci\u00f3n. Participan instituciones educativas, universidades y centros de formaci\u00f3n profesional.<\/p>\n\n\n\n<hr class=\"wp-block-separator aligncenter has-alpha-channel-opacity\"\/>\n\n\n\n<p>Este viernes por la ma\u00f1ana,<strong> el intendente Maximiliano Wesner encabez\u00f3 en el Centro de Convenciones de Olavarr\u00eda el lanzamiento del programa \u201cCoordenadas\u201d, una propuesta destinada a vincular a estudiantes del \u00faltimo a\u00f1o de la educaci\u00f3n secundaria con el \u00e1mbito de la formaci\u00f3n superior y el mundo del trabajo.<\/strong><\/p>\n\n\n\n<p>La jornada fue posible gracias al trabajo conjunto entre el Gobierno de la Provincia de Buenos Aires y el Municipio de Olavarr\u00eda, con la participaci\u00f3n de la Direcci\u00f3n Provincial de Educaci\u00f3n Secundaria, el Consejo Provincial de Educaci\u00f3n y Trabajo (COPRET) y distintas \u00e1reas de gobierno local, entre ellas la Secretar\u00eda de Desarrollo Econ\u00f3mico.<\/p>\n\n\n\n<figure class=\"wp-block-image size-large\"><img data-recalc-dims=\"1\" loading=\"lazy\" decoding=\"async\" width=\"800\" height=\"600\" src=\"https:\/\/i0.wp.com\/cdnoticias.com\/wp-content\/uploads\/2025\/05\/WhatsApp-Image-2025-05-09-at-15.46.19-scaled-1.jpeg?resize=800%2C600&#038;ssl=1\" alt=\"\" class=\"wp-image-171131\" srcset=\"https:\/\/i0.wp.com\/cdnoticias.com\/wp-content\/uploads\/2025\/05\/WhatsApp-Image-2025-05-09-at-15.46.19-scaled-1.jpeg?resize=1024%2C768&amp;ssl=1 1024w, https:\/\/i0.wp.com\/cdnoticias.com\/wp-content\/uploads\/2025\/05\/WhatsApp-Image-2025-05-09-at-15.46.19-scaled-1.jpeg?resize=300%2C225&amp;ssl=1 300w, https:\/\/i0.wp.com\/cdnoticias.com\/wp-content\/uploads\/2025\/05\/WhatsApp-Image-2025-05-09-at-15.46.19-scaled-1.jpeg?resize=768%2C576&amp;ssl=1 768w, https:\/\/i0.wp.com\/cdnoticias.com\/wp-content\/uploads\/2025\/05\/WhatsApp-Image-2025-05-09-at-15.46.19-scaled-1.jpeg?resize=1536%2C1152&amp;ssl=1 1536w, https:\/\/i0.wp.com\/cdnoticias.com\/wp-content\/uploads\/2025\/05\/WhatsApp-Image-2025-05-09-at-15.46.19-scaled-1.jpeg?resize=2048%2C1536&amp;ssl=1 2048w, https:\/\/i0.wp.com\/cdnoticias.com\/wp-content\/uploads\/2025\/05\/WhatsApp-Image-2025-05-09-at-15.46.19-scaled-1.jpeg?w=1600&amp;ssl=1 1600w, https:\/\/i0.wp.com\/cdnoticias.com\/wp-content\/uploads\/2025\/05\/WhatsApp-Image-2025-05-09-at-15.46.19-scaled-1.jpeg?w=2400&amp;ssl=1 2400w\" sizes=\"auto, (max-width: 800px) 100vw, 800px\" \/><\/figure>\n\n\n\n<p>Wesner estuvo acompa\u00f1ado por el director del COPRET, Adri\u00e1n Pagani, el jefe distrital de Educaci\u00f3n, Julio Ben\u00edtez, autoridades municipales y referentes educativos. Participaron del encuentro alumnos de ocho establecimientos secundarios, tanto de gesti\u00f3n p\u00fablica como privada, junto a representantes de la Universidad Nacional del Centro (Facultades de Ciencias Sociales, Ingenier\u00eda y Ciencias de la Salud) y Centros de Formaci\u00f3n Profesional.<\/p>\n\n\n\n<figure class=\"wp-block-image size-large\"><img data-recalc-dims=\"1\" loading=\"lazy\" decoding=\"async\" width=\"800\" height=\"523\" src=\"https:\/\/i0.wp.com\/cdnoticias.com\/wp-content\/uploads\/2025\/05\/WhatsApp-Image-2025-05-09-at-15.45.25.jpeg?resize=800%2C523&#038;ssl=1\" alt=\"\" class=\"wp-image-171129\" srcset=\"https:\/\/i0.wp.com\/cdnoticias.com\/wp-content\/uploads\/2025\/05\/WhatsApp-Image-2025-05-09-at-15.45.25.jpeg?resize=1024%2C669&amp;ssl=1 1024w, https:\/\/i0.wp.com\/cdnoticias.com\/wp-content\/uploads\/2025\/05\/WhatsApp-Image-2025-05-09-at-15.45.25.jpeg?resize=300%2C196&amp;ssl=1 300w, https:\/\/i0.wp.com\/cdnoticias.com\/wp-content\/uploads\/2025\/05\/WhatsApp-Image-2025-05-09-at-15.45.25.jpeg?resize=768%2C502&amp;ssl=1 768w, https:\/\/i0.wp.com\/cdnoticias.com\/wp-content\/uploads\/2025\/05\/WhatsApp-Image-2025-05-09-at-15.45.25.jpeg?resize=1536%2C1003&amp;ssl=1 1536w, https:\/\/i0.wp.com\/cdnoticias.com\/wp-content\/uploads\/2025\/05\/WhatsApp-Image-2025-05-09-at-15.45.25.jpeg?w=1600&amp;ssl=1 1600w\" sizes=\"auto, (max-width: 800px) 100vw, 800px\" \/><\/figure>\n\n\n\n<p>Durante su discurso, <strong>el intendente celebr\u00f3 el compromiso de las instituciones participantes y destac\u00f3 el rol central del estudiantado. \u201cUstedes son los verdaderos protagonistas de este programa Coordenadas que estamos lanzando en Olavarr\u00eda\u201d, expres\u00f3. Adem\u00e1s, subray\u00f3 la importancia de \u201ctender puentes entre la propuesta educativa y el mundo del trabajo\u201d<\/strong> y reafirm\u00f3 que \u201ccuanto m\u00e1s informaci\u00f3n y conocimiento del entorno tengamos, mejor podemos forjar nuestra vocaci\u00f3n\u201d.<\/p>\n\n\n\n<blockquote class=\"wp-block-quote is-layout-flow wp-block-quote-is-layout-flow\">\n<p>Wesner tambi\u00e9n remarc\u00f3 el valor de redoblar esfuerzos para transformar el presente: \u201cUn mejor futuro debe anclarse en el desarrollo, la producci\u00f3n y el trabajo calificado que ofrecen nuestras pymes e industrias\u201d.<\/p>\n<\/blockquote>\n\n\n\n<p>El programa Coordenadas se implementa en distintas etapas. Seg\u00fan explic\u00f3 Julio Ben\u00edtez, <strong>la jornada de este viernes marc\u00f3 el inicio del primer taller, que contempla un mapeo del territorio desde el punto de vista socio-productivo, comercial y de oferta acad\u00e9mica en la Provincia.<\/strong> En esta instancia se incorporaron los distritos de Olavarr\u00eda y Tapalqu\u00e9 dentro de la regi\u00f3n educativa 25.<\/p>\n","protected":false},"excerpt":{"rendered":"<p>La iniciativa fue presentada este viernes por el intendente Maximiliano Wesner junto a autoridades provinciales y busca orientar a alumnos<\/p>\n","protected":false},"author":2,"featured_media":171130,"comment_status":"closed","ping_status":"closed","sticky":false,"template":"","format":"standard","meta":{"_jetpack_memberships_contains_paid_content":false,"footnotes":""},"categories":[5,1],"tags":[],"class_list":["post-171128","post","type-post","status-publish","format-standard","has-post-thumbnail","hentry","category-informacion-general","category-portada"],"jetpack_featured_media_url":"https:\/\/i0.wp.com\/cdnoticias.com\/wp-content\/uploads\/2025\/05\/WhatsApp-Image-2025-05-09-at-15.46.20-scaled-1.jpeg?fit=2560%2C1920&ssl=1","jetpack_sharing_enabled":true,"_links":{"self":[{"href":"https:\/\/cdnoticias.com\/index.php\/wp-json\/wp\/v2\/posts\/171128","targetHints":{"allow":["GET"]}}],"collection":[{"href":"https:\/\/cdnoticias.com\/index.php\/wp-json\/wp\/v2\/posts"}],"about":[{"href":"https:\/\/cdnoticias.com\/index.php\/wp-json\/wp\/v2\/types\/post"}],"author":[{"embeddable":true,"href":"https:\/\/cdnoticias.com\/index.php\/wp-json\/wp\/v2\/users\/2"}],"replies":[{"embeddable":true,"href":"https:\/\/cdnoticias.com\/index.php\/wp-json\/wp\/v2\/comments?post=171128"}],"version-history":[{"count":0,"href":"https:\/\/cdnoticias.com\/index.php\/wp-json\/wp\/v2\/posts\/171128\/revisions"}],"wp:featuredmedia":[{"embeddable":true,"href":"https:\/\/cdnoticias.com\/index.php\/wp-json\/wp\/v2\/media\/171130"}],"wp:attachment":[{"href":"https:\/\/cdnoticias.com\/index.php\/wp-json\/wp\/v2\/media?parent=171128"}],"wp:term":[{"taxonomy":"category","embeddable":true,"href":"https:\/\/cdnoticias.com\/index.php\/wp-json\/wp\/v2\/categories?post=171128"},{"taxonomy":"post_tag","embeddable":true,"href":"https:\/\/cdnoticias.com\/index.php\/wp-json\/wp\/v2\/tags?post=171128"}],"curies":[{"name":"wp","href":"https:\/\/api.w.org\/{rel}","templated":true}]}}