{"id":171125,"date":"2025-05-10T17:20:27","date_gmt":"2025-05-10T20:20:27","guid":{"rendered":"https:\/\/cdnoticias.com\/?p=171125"},"modified":"2025-05-10T17:20:29","modified_gmt":"2025-05-10T20:20:29","slug":"mas-de-50-heridos-tras-el-vuelco-de-un-micro-en-la-ruta-8","status":"publish","type":"post","link":"https:\/\/cdnoticias.com\/index.php\/2025\/05\/10\/mas-de-50-heridos-tras-el-vuelco-de-un-micro-en-la-ruta-8\/","title":{"rendered":"M\u00e1s de 50 heridos tras el vuelco de un micro en la Ruta 8"},"content":{"rendered":"\n<p>El siniestro ocurri\u00f3 en la madrugada del s\u00e1bado, cuando un colectivo que viajaba desde C\u00f3rdoba hacia Buenos Aires volc\u00f3 cerca de Capit\u00e1n Sarmiento. La mayor\u00eda de los heridos fueron derivados por precauci\u00f3n.<\/p>\n\n\n\n<hr class=\"wp-block-separator aligncenter has-alpha-channel-opacity\"\/>\n\n\n\n<p>Un grave accidente ocurri\u00f3 en la madrugada de este s\u00e1bado sobre la Ruta Nacional 8, a la altura del kil\u00f3metro 148, en las inmediaciones de la localidad bonaerense de Capit\u00e1n Sarmiento. Un colectivo de larga distancia de la empresa <strong>Sierras Cordobesas<\/strong> volc\u00f3 por causas que a\u00fan se investigan y dej\u00f3 al menos <strong>52 personas heridas<\/strong>.<\/p>\n\n\n\n<p>El micro hab\u00eda partido desde <strong>Mina Clavero<\/strong>, en la provincia de C\u00f3rdoba, y se dirig\u00eda hacia la terminal de Retiro, en la Ciudad de Buenos Aires. A bordo viajaban decenas de pasajeros, entre ellos <strong>ni\u00f1os y personas mayores<\/strong>.<\/p>\n\n\n\n<p>El hecho ocurri\u00f3 alrededor de las <strong>5 de la ma\u00f1ana<\/strong>, en un horario de escasa visibilidad y bajas temperaturas. Seg\u00fan informaron desde el cuartel de <strong>Bomberos Voluntarios de Capit\u00e1n Sarmiento<\/strong>, el veh\u00edculo <strong>volc\u00f3 por sus propios medios<\/strong> y termin\u00f3 sobre la <strong>banquina central<\/strong> que divide ambos carriles de la traza nacional.<\/p>\n\n\n\n<p>\u201cVolc\u00f3 solo, qued\u00f3 en la banquina central\u201d, explic\u00f3 <strong>Agust\u00edn Arana<\/strong>, jefe del cuartel local, quien tambi\u00e9n confirm\u00f3 que, al momento de su arribo, <strong>todos los pasajeros ya hab\u00edan salido del colectivo por sus propios medios<\/strong>, por lo que <strong>no fue necesaria la realizaci\u00f3n de maniobras de rescate<\/strong>.<\/p>\n\n\n\n<p>Las <strong>52 personas<\/strong> que resultaron con lesiones fueron trasladadas al <strong>Hospital San Carlos<\/strong> de Capit\u00e1n Sarmiento, donde fueron <strong>atendidas por el personal m\u00e9dico<\/strong>. Aunque la mayor\u00eda de las heridas fueron de <strong>car\u00e1cter leve<\/strong>, se dispuso su derivaci\u00f3n por <strong>precauci\u00f3n<\/strong>, principalmente por las condiciones clim\u00e1ticas al momento del hecho.<\/p>\n\n\n\n<p>Las causas del vuelco todav\u00eda est\u00e1n bajo an\u00e1lisis. <strong>Peritos trabajan en el lugar<\/strong> para determinar si el accidente se produjo por una <strong>falla mec\u00e1nica<\/strong>, <strong>desperfecto en el veh\u00edculo<\/strong>, <strong>error humano<\/strong> o alg\u00fan otro factor que haya contribuido al siniestro.<\/p>\n","protected":false},"excerpt":{"rendered":"<p>El siniestro ocurri\u00f3 en la madrugada del s\u00e1bado, cuando un colectivo que viajaba desde C\u00f3rdoba hacia Buenos Aires volc\u00f3 cerca<\/p>\n","protected":false},"author":2,"featured_media":171126,"comment_status":"closed","ping_status":"closed","sticky":false,"template":"","format":"standard","meta":{"_jetpack_memberships_contains_paid_content":false,"footnotes":""},"categories":[6,1],"tags":[],"class_list":["post-171125","post","type-post","status-publish","format-standard","has-post-thumbnail","hentry","category-nacionales","category-portada"],"jetpack_featured_media_url":"https:\/\/i0.wp.com\/cdnoticias.com\/wp-content\/uploads\/2025\/05\/micro-volcado-ruta8.jpg?fit=992%2C441&ssl=1","jetpack_sharing_enabled":true,"_links":{"self":[{"href":"https:\/\/cdnoticias.com\/index.php\/wp-json\/wp\/v2\/posts\/171125","targetHints":{"allow":["GET"]}}],"collection":[{"href":"https:\/\/cdnoticias.com\/index.php\/wp-json\/wp\/v2\/posts"}],"about":[{"href":"https:\/\/cdnoticias.com\/index.php\/wp-json\/wp\/v2\/types\/post"}],"author":[{"embeddable":true,"href":"https:\/\/cdnoticias.com\/index.php\/wp-json\/wp\/v2\/users\/2"}],"replies":[{"embeddable":true,"href":"https:\/\/cdnoticias.com\/index.php\/wp-json\/wp\/v2\/comments?post=171125"}],"version-history":[{"count":0,"href":"https:\/\/cdnoticias.com\/index.php\/wp-json\/wp\/v2\/posts\/171125\/revisions"}],"wp:featuredmedia":[{"embeddable":true,"href":"https:\/\/cdnoticias.com\/index.php\/wp-json\/wp\/v2\/media\/171126"}],"wp:attachment":[{"href":"https:\/\/cdnoticias.com\/index.php\/wp-json\/wp\/v2\/media?parent=171125"}],"wp:term":[{"taxonomy":"category","embeddable":true,"href":"https:\/\/cdnoticias.com\/index.php\/wp-json\/wp\/v2\/categories?post=171125"},{"taxonomy":"post_tag","embeddable":true,"href":"https:\/\/cdnoticias.com\/index.php\/wp-json\/wp\/v2\/tags?post=171125"}],"curies":[{"name":"wp","href":"https:\/\/api.w.org\/{rel}","templated":true}]}}