{"id":171122,"date":"2025-05-10T19:55:48","date_gmt":"2025-05-10T22:55:48","guid":{"rendered":"https:\/\/cdnoticias.com\/?p=171122"},"modified":"2025-05-10T20:15:36","modified_gmt":"2025-05-10T23:15:36","slug":"comercializacion-de-marihuana-y-cocaina-dos-allanamientos-con-tres-imputados","status":"publish","type":"post","link":"https:\/\/cdnoticias.com\/index.php\/2025\/05\/10\/comercializacion-de-marihuana-y-cocaina-dos-allanamientos-con-tres-imputados\/","title":{"rendered":"Comercializaci\u00f3n de marihuana y coca\u00edna: dos allanamientos con tres imputados"},"content":{"rendered":"\n<p>Fueron realizados el pasado jueves. Terminaron imputados dos hombres de 23 y 32 a\u00f1os y una joven de 26.<\/p>\n\n\n\n<hr class=\"wp-block-separator aligncenter has-alpha-channel-opacity\"\/>\n\n\n\n<p>Tras un trabajo de investigaci\u00f3n del grupo t\u00e9cnico operativo de la Comisar\u00eda Segunda, <strong>tres allanamientos permitieron detectar comercializaci\u00f3n de marihuana y coca\u00edna, con tres imputados, dos hombres y una mujer.<\/strong><\/p>\n\n\n\n<p>Luego de las tareas investigativas<strong> sobre posible comercializaci\u00f3n en lugares, adem\u00e1s de identificar a los vendedores, el fiscal de la causa Lucas Moyano pidi\u00f3 \u00f3rdenes de allanamiento autorizadas por el Juzgado de Garant\u00edas N\u00b02 a cargo del doctor Villamar\u00edn.<\/strong><\/p>\n\n\n\n<p>La diligencia, a cargo de la Comisar\u00eda Segunda e integrada por personal de las Subcomisar\u00edas de Sierras Bayas y Loma Negra, Polic\u00eda Local, SubDDI Olavarr\u00eda e Infanter\u00eda de Azul <strong>detectaron en dos domicilios marihuana, celulares, recortes de nylon y tijeras, as\u00ed como tambi\u00e9n coca\u00edna, dinero en efectivo y cuatro celulares. En el tercer domicilio tambi\u00e9n encontraron marihuana, celulares y tres bandas para envoltorios. Todo fue secuestrado.<\/strong><\/p>\n\n\n\n<p><strong>Los tres implicados, dos hombres de 23 y 32 a\u00f1os y una mujer de 26 a\u00f1os, ahora enfrentan cargos por \u201cEstupefacientes \u2013 Comercializaci\u00f3n propiamente dicha\u201d<\/strong> y quedaron a disposici\u00f3n de la Justicia que determinar\u00e1 su situaci\u00f3n procesal.<\/p>\n\n\n\n<p>La causa es instruida por la UFI N\u00b019, a cargo del doctor Lucas Moyano.<\/p>\n","protected":false},"excerpt":{"rendered":"<p>Fueron realizados el pasado jueves. Terminaron imputados dos hombres de 23 y 32 a\u00f1os y una joven de 26. Tras<\/p>\n","protected":false},"author":2,"featured_media":171123,"comment_status":"closed","ping_status":"closed","sticky":false,"template":"","format":"standard","meta":{"_jetpack_memberships_contains_paid_content":false,"footnotes":""},"categories":[14,1],"tags":[],"class_list":["post-171122","post","type-post","status-publish","format-standard","has-post-thumbnail","hentry","category-policiales","category-portada"],"jetpack_featured_media_url":"https:\/\/i0.wp.com\/cdnoticias.com\/wp-content\/uploads\/2025\/05\/comercializaciondrogas.jpg?fit=800%2C445&ssl=1","jetpack_sharing_enabled":true,"_links":{"self":[{"href":"https:\/\/cdnoticias.com\/index.php\/wp-json\/wp\/v2\/posts\/171122","targetHints":{"allow":["GET"]}}],"collection":[{"href":"https:\/\/cdnoticias.com\/index.php\/wp-json\/wp\/v2\/posts"}],"about":[{"href":"https:\/\/cdnoticias.com\/index.php\/wp-json\/wp\/v2\/types\/post"}],"author":[{"embeddable":true,"href":"https:\/\/cdnoticias.com\/index.php\/wp-json\/wp\/v2\/users\/2"}],"replies":[{"embeddable":true,"href":"https:\/\/cdnoticias.com\/index.php\/wp-json\/wp\/v2\/comments?post=171122"}],"version-history":[{"count":0,"href":"https:\/\/cdnoticias.com\/index.php\/wp-json\/wp\/v2\/posts\/171122\/revisions"}],"wp:featuredmedia":[{"embeddable":true,"href":"https:\/\/cdnoticias.com\/index.php\/wp-json\/wp\/v2\/media\/171123"}],"wp:attachment":[{"href":"https:\/\/cdnoticias.com\/index.php\/wp-json\/wp\/v2\/media?parent=171122"}],"wp:term":[{"taxonomy":"category","embeddable":true,"href":"https:\/\/cdnoticias.com\/index.php\/wp-json\/wp\/v2\/categories?post=171122"},{"taxonomy":"post_tag","embeddable":true,"href":"https:\/\/cdnoticias.com\/index.php\/wp-json\/wp\/v2\/tags?post=171122"}],"curies":[{"name":"wp","href":"https:\/\/api.w.org\/{rel}","templated":true}]}}