{"id":1711,"date":"2020-09-16T18:42:24","date_gmt":"2020-09-16T21:42:24","guid":{"rendered":"http:\/\/www.centraldenoticias.com.ar\/?p=1711"},"modified":"2020-09-16T18:42:24","modified_gmt":"2020-09-16T21:42:24","slug":"victor-ruben-santomingo-mingo-q-e-p-d","status":"publish","type":"post","link":"https:\/\/cdnoticias.com\/index.php\/2020\/09\/16\/victor-ruben-santomingo-mingo-q-e-p-d\/","title":{"rendered":"V\u00edctor Rub\u00e9n Santomingo &#8220;Mingo\u00b4\u00b4 (Q.E.P.D.)"},"content":{"rendered":"<p>Falleci\u00f3 en Olavarr\u00eda el d\u00eda 16 de Septiembre de 2020\u00a0 a los\u00a0 72 a\u00f1os de edad. Su esposa Elena Mabel Ane, su hermana Mari Santomingo, sus colaboradores Carlos, Eva y dem\u00e1s deudos participan su fallecimiento. No se realiza velatorio ni responso, sus restos ser\u00e1n inhumados en el cementerio Loma de Paz este jueves 17 desde las 14.30. Nacido en Trenque Lauquen, vecino del barrio Sarmiento Norte, alba\u00f1il.<\/p>\n<p>&nbsp;<\/p>\n<p>&nbsp;<\/p>\n<p>&nbsp;<\/p>\n","protected":false},"excerpt":{"rendered":"<p>Falleci\u00f3 en Olavarr\u00eda el d\u00eda 16 de Septiembre de 2020\u00a0 a los\u00a0 72 a\u00f1os de edad. Su esposa Elena Mabel<\/p>\n","protected":false},"author":3,"featured_media":0,"comment_status":"closed","ping_status":"closed","sticky":false,"template":"","format":"standard","meta":{"_jetpack_memberships_contains_paid_content":false,"footnotes":""},"categories":[10],"tags":[],"class_list":["post-1711","post","type-post","status-publish","format-standard","hentry","category-necrologicas"],"jetpack_featured_media_url":"","jetpack_sharing_enabled":true,"_links":{"self":[{"href":"https:\/\/cdnoticias.com\/index.php\/wp-json\/wp\/v2\/posts\/1711","targetHints":{"allow":["GET"]}}],"collection":[{"href":"https:\/\/cdnoticias.com\/index.php\/wp-json\/wp\/v2\/posts"}],"about":[{"href":"https:\/\/cdnoticias.com\/index.php\/wp-json\/wp\/v2\/types\/post"}],"author":[{"embeddable":true,"href":"https:\/\/cdnoticias.com\/index.php\/wp-json\/wp\/v2\/users\/3"}],"replies":[{"embeddable":true,"href":"https:\/\/cdnoticias.com\/index.php\/wp-json\/wp\/v2\/comments?post=1711"}],"version-history":[{"count":0,"href":"https:\/\/cdnoticias.com\/index.php\/wp-json\/wp\/v2\/posts\/1711\/revisions"}],"wp:attachment":[{"href":"https:\/\/cdnoticias.com\/index.php\/wp-json\/wp\/v2\/media?parent=1711"}],"wp:term":[{"taxonomy":"category","embeddable":true,"href":"https:\/\/cdnoticias.com\/index.php\/wp-json\/wp\/v2\/categories?post=1711"},{"taxonomy":"post_tag","embeddable":true,"href":"https:\/\/cdnoticias.com\/index.php\/wp-json\/wp\/v2\/tags?post=1711"}],"curies":[{"name":"wp","href":"https:\/\/api.w.org\/{rel}","templated":true}]}}