{"id":171089,"date":"2025-05-09T20:15:27","date_gmt":"2025-05-09T23:15:27","guid":{"rendered":"https:\/\/cdnoticias.com\/?p=171089"},"modified":"2025-05-10T09:46:54","modified_gmt":"2025-05-10T12:46:54","slug":"olavarria-se-tiene-que-sentir-segura-de-que-tiene-un-cuerpo-de-bomberos-a-la-altura-de-las-circunstancias","status":"publish","type":"post","link":"https:\/\/cdnoticias.com\/index.php\/2025\/05\/09\/olavarria-se-tiene-que-sentir-segura-de-que-tiene-un-cuerpo-de-bomberos-a-la-altura-de-las-circunstancias\/","title":{"rendered":"\u201cOlavarr\u00eda se tiene que sentir segura de que tiene un cuerpo de bomberos a la altura de las circunstancias\u201d"},"content":{"rendered":"\n<p>Adri\u00e1n Guevara, director de Defensa Civil habl\u00f3 con este medio sobre recomendaciones a la hora de calefaccionar nuestros hogares con la llegada del fr\u00edo y la importancia de capacitarse previamente.&nbsp;<\/p>\n\n\n\n<hr class=\"wp-block-separator aligncenter has-alpha-channel-opacity\"\/>\n\n\n\n<p><em><strong>Danisa Jaime \/\/ @_jdanisa<\/strong><\/em><\/p>\n\n\n\n<p><em><strong>Del staff de Central de Noticias<\/strong><\/em><\/p>\n\n\n\n<p><\/p>\n\n\n\n<p>Durante los <strong>primeros meses del a\u00f1o<\/strong> desde<strong> Bomberos Voluntarios se realizaron 538 salidas por incendios en la ciudad.<\/strong> Espec\u00edficamente, en lo que respecta a <strong>incendios de viviendas se realizaron 20 salidas<\/strong>, incluso <a href=\"https:\/\/cdnoticias.com\/index.php\/2025\/05\/06\/importantes-perdidas-en-un-incendio-en-barrio-4-de-octubre\/\" target=\"_blank\" rel=\"noreferrer noopener\">dos de gravedad <\/a>se produjeron<a href=\"https:\/\/cdnoticias.com\/index.php\/2025\/05\/05\/incendio-en-barrio-facundo-quiroga-ii-una-mujer-fue-trasladada-al-hospital\/\" target=\"_blank\" rel=\"noreferrer noopener\"> durante esta \u00faltima semana.&nbsp;<\/a><\/p>\n\n\n\n<p><\/p>\n\n\n\n<p><em>Central de Noticias <\/em>dialog\u00f3 con<strong> Adri\u00e1n Guevara, director de Defensa Civil <\/strong>quien manifest\u00f3 sorpresa <em>\u201cen lo que va del mes de mayo por la ocurrencia de servicios que tienen que ver con incendios de viviendas\u201d.&nbsp;<\/em><\/p>\n\n\n\n<figure class=\"wp-block-image size-full\"><img data-recalc-dims=\"1\" loading=\"lazy\" decoding=\"async\" width=\"800\" height=\"445\" src=\"https:\/\/i0.wp.com\/cdnoticias.com\/wp-content\/uploads\/2024\/05\/adrian-guevara.jpg?resize=800%2C445&#038;ssl=1\" alt=\"\" class=\"wp-image-117306\" srcset=\"https:\/\/i0.wp.com\/cdnoticias.com\/wp-content\/uploads\/2024\/05\/adrian-guevara.jpg?w=1000&amp;ssl=1 1000w, https:\/\/i0.wp.com\/cdnoticias.com\/wp-content\/uploads\/2024\/05\/adrian-guevara.jpg?resize=300%2C167&amp;ssl=1 300w, https:\/\/i0.wp.com\/cdnoticias.com\/wp-content\/uploads\/2024\/05\/adrian-guevara.jpg?resize=768%2C427&amp;ssl=1 768w, https:\/\/i0.wp.com\/cdnoticias.com\/wp-content\/uploads\/2024\/05\/adrian-guevara.jpg?resize=800%2C445&amp;ssl=1 800w\" sizes=\"auto, (max-width: 800px) 100vw, 800px\" \/><\/figure>\n\n\n\n<p>\u201cA partir del d\u00eda domingo tuvimos uno de los primeros incendios de lo que ser\u00eda el mes. El lunes tuvimos dos incendios graves donde las p\u00e9rdidas fueron muy importantes en cuanto a los da\u00f1os ocasionados en dos viviendas y el martes tambi\u00e9n tuvimos un incendio estructural\u201d explic\u00f3.\u00a0<\/p>\n\n\n\n<blockquote class=\"wp-block-quote is-layout-flow wp-block-quote-is-layout-flow\">\n<p>En relaci\u00f3n a esto \u00faltimo, Guevara cont\u00f3 que \u201cempezamos en esa \u00e9poca del a\u00f1o donde este tipo de incendios son recurrentes en funci\u00f3n a las bajas de temperaturas y a la necesidad que tiene la gente de calefaccionarse. A lo mejor no se presta atenci\u00f3n a ciertas cuestiones que tienen que ver con el uso de algunos artefactos y que cada uno de ellos tiene sus pormenores\u201d.&nbsp;<\/p>\n<\/blockquote>\n\n\n\n<p><\/p>\n\n\n\n<p>Sobre los dos incendios de gravedad, el director de Defensa Civil explic\u00f3 que \u201csi bien nosotros no somos peritos se supuso que <strong>fueron por fallas de las instalaciones <\/strong>porque no tenemos ning\u00fan tipo de comunicado o manifestaci\u00f3n de los propietarios de las viviendas que realizan alg\u00fan acto como para que tome fuego la vivienda, as\u00ed que seguramente <strong>ha sido alg\u00fan desperfecto el\u00e9ctrico\u201d.<\/strong><\/p>\n\n\n\n<p><\/p>\n\n\n\n<p>Guevara explic\u00f3 que en cuanto a estad\u00edsticas, <strong>\u201cde cada 10 incendios, 8 son por problemas el\u00e9ctricos. Son una situaci\u00f3n que se ve generada a ra\u00edz de la falta de mantenimiento o la falta de protecciones que tienen que ver con llaves t\u00e9rmicas y disyuntores en la vivienda\u201d.&nbsp;<\/strong><\/p>\n\n\n\n<p><\/p>\n\n\n\n<blockquote class=\"wp-block-quote is-layout-flow wp-block-quote-is-layout-flow\">\n<p>\u201cAl d\u00eda de hoy vamos por el servicio n\u00famero 538 en 5 meses. En lo que se refiere a incendios de vivienda estructurales, vamos 20 salidas este poquito periodo\u201d resalt\u00f3 Guevara.&nbsp;<\/p>\n<\/blockquote>\n\n\n\n<p><\/p>\n\n\n\n<p class=\"has-medium-font-size\"><strong>Cifras alarmantes&nbsp;<\/strong><\/p>\n\n\n\n<p>Ante el fr\u00edo y la necesidad de calefaccionar los hogares, desde Bomberos Voluntarios <strong>se encuentran en alerta y buscan la necesidad constante de la prevenci\u00f3n y difusi\u00f3n de informaci\u00f3n para evitar riesgos.&nbsp;<\/strong><\/p>\n\n\n\n<figure class=\"wp-block-image size-full\"><img data-recalc-dims=\"1\" loading=\"lazy\" decoding=\"async\" width=\"800\" height=\"445\" src=\"https:\/\/i0.wp.com\/cdnoticias.com\/wp-content\/uploads\/2025\/05\/incendio-leloir-00.jpg?resize=800%2C445&#038;ssl=1\" alt=\"\" class=\"wp-image-170671\" srcset=\"https:\/\/i0.wp.com\/cdnoticias.com\/wp-content\/uploads\/2025\/05\/incendio-leloir-00.jpg?w=1000&amp;ssl=1 1000w, https:\/\/i0.wp.com\/cdnoticias.com\/wp-content\/uploads\/2025\/05\/incendio-leloir-00.jpg?resize=300%2C167&amp;ssl=1 300w, https:\/\/i0.wp.com\/cdnoticias.com\/wp-content\/uploads\/2025\/05\/incendio-leloir-00.jpg?resize=768%2C427&amp;ssl=1 768w, https:\/\/i0.wp.com\/cdnoticias.com\/wp-content\/uploads\/2025\/05\/incendio-leloir-00.jpg?resize=800%2C445&amp;ssl=1 800w\" sizes=\"auto, (max-width: 800px) 100vw, 800px\" \/><\/figure>\n\n\n\n<blockquote class=\"wp-block-quote is-layout-flow wp-block-quote-is-layout-flow\">\n<p>\u201cTenemos un promedio de 70 servicios que tienen que ver con incendios de vivienda, es decir, todos los a\u00f1os se prenden fuego 70 viviendas. Es un n\u00famero muy importante que si bien ha habido a\u00f1os que se ha visto disminuido ese promedio, ha habido otros a\u00f1os que ha superado ampliamente ese n\u00famero, entonces el promedio es 70 y estamos teniendo en cuenta que vamos teniendo 20 incendios de viviendas a la fecha\u201d remarc\u00f3 Guevara.&nbsp;<\/p>\n<\/blockquote>\n\n\n\n<p><\/p>\n\n\n\n<p>\u201cEs fundamental que a trav\u00e9s de los medios de comunicaci\u00f3n, podamos llegar a toda la comunidad a hacer este tipo de difusi\u00f3n, campa\u00f1as preventivas como para evitar todo este tipo de situaciones\u201d.<\/p>\n\n\n\n<p><\/p>\n\n\n\n<p>Y agreg\u00f3 : \u201c<strong>apostamos a la prevenci\u00f3n, apostamos a las capacitaciones, apostamos a tener un seguimiento desde los distintos niveles educativos<\/strong> desde las distintas posibilidades que nosotros tenemos para poder llegar en todas las charlas, en todos los cursos de prevenci\u00f3n de incendios. <strong>Nosotros decimos que el mejor servicio que tenemos desde el cuartel es poder llegar antes, y por eso es que hacemos todo esto\u201d.<\/strong><\/p>\n\n\n\n<p><\/p>\n\n\n\n<blockquote class=\"wp-block-quote is-layout-flow wp-block-quote-is-layout-flow\">\n<p>Asimismo, indic\u00f3 que \u201ccuando uno va a un incendio declarado en una vivienda, no solamente uno pierde la parte material sino que pierde toda una vida, porque el incendio se lleva recuerdos, fotos, vivencias y la verdad que es trist\u00edsimo ver c\u00f3mo una persona o una familia pierde absolutamente todo\u201d.&nbsp;<\/p>\n<\/blockquote>\n\n\n\n<p><\/p>\n\n\n\n<p>Sobre las charlas, Guevara expres\u00f3 que <em>\u201ctenemos una respuesta muy linda de la gente donde realmente se ve que tienen ganas de aprender, que est\u00e1n preocupadas y que les prestan atenci\u00f3n a todo lo que uno dice en c\u00f3mo prevenir los incendios en el hogar\u201d.&nbsp;<\/em><\/p>\n\n\n\n<p><\/p>\n\n\n\n<p class=\"has-medium-font-size\"><strong>Recomendaciones para prevenir incendios en hogares&nbsp;<\/strong><\/p>\n\n\n\n<p><\/p>\n\n\n\n<p>El director de Defensa Civil resalt\u00f3 que \u201c<strong>hay que prestarle atenci\u00f3n a todos los sistemas que nosotros utilizamos para calefaccionarnos, ya sea sistemas el\u00e9ctricos, sistemas que tienen que ver con la utilizaci\u00f3n del gas y aquellos que utilizan la le\u00f1a como elemento para calefaccionarse\u201d<\/strong>.<\/p>\n\n\n\n<p><\/p>\n\n\n\n<blockquote class=\"wp-block-quote is-layout-flow wp-block-quote-is-layout-flow\">\n<p>\u201cCada uno de ellos tiene sus cuestiones. Siempre antes de encender un artefacto tiene que ser revisado por alg\u00fan especialista, alg\u00fan gasista matriculado, alg\u00fan electricista matriculado, que entienda de que las instalaciones se pueden resentir con el paso del tiempo y que para cada una de ellas hay una forma adecuada de trabajo antes de encender los equipos\u201d indic\u00f3 Guevara.&nbsp;<\/p>\n<\/blockquote>\n\n\n\n<p><\/p>\n\n\n\n<p>Guevara ejemplific\u00f3: \u201cSi un calefactor, por ejemplo, est\u00e1 quemando mal porque tiene suciedad, porque la rejilla de ventilaci\u00f3n est\u00e1 tapada y dem\u00e1s es peligros\u00edsimo porque <strong>no solamente tiene que ver con cuestiones de incendio, sino que tiene que ver con cuestiones que emanan mon\u00f3xido de carbono<\/strong> que sabemos que es un gas totalmente t\u00f3xico que no se ve, no se siente, uno no lo puede percibir en el ambiente y sin embargo ante la presencia <a href=\"https:\/\/cdnoticias.com\/index.php\/2025\/05\/03\/tres-intoxicados-por-gas-se-investigan-las-circunstancias\/\" target=\"_blank\" rel=\"noreferrer noopener\">nos estamos intoxicando y eso es totalmente letal\u201d.&nbsp;<\/a><\/p>\n\n\n\n<p><\/p>\n\n\n\n<p>En relaci\u00f3n a esto \u00faltimo, mencion\u00f3 que \u201cante la aparici\u00f3n de los primeros s\u00edntomas, como <strong>somnolencia, dolores de cabeza, puede tener n\u00e1useas, v\u00f3mitos, zumbidos en el o\u00eddo, decaimiento general <\/strong>donde uno puede percibir que algo raro est\u00e1 pasando, <strong>enseguida pedir auxilio, enseguida ponerse en un lugar donde uno pueda respirar aire puro, abrir ventanas, abrir puertas, que la casa se ventile por m\u00e1s que se enfr\u00ede\u201d.<\/strong>&nbsp;<\/p>\n\n\n\n<p><\/p>\n\n\n\n<blockquote class=\"wp-block-quote is-layout-flow wp-block-quote-is-layout-flow\">\n<p>Asimismo, Guevara explic\u00f3 que \u201cno se debe poner ropa arriba de los calefactores para que se seque, nada de utilizar el horno para calefaccionarse o las hornallas, eso consume el ox\u00edgeno del ambiente y tambi\u00e9n es perjudicial\u201d.&nbsp;<\/p>\n<\/blockquote>\n\n\n\n<p><\/p>\n\n\n\n<p>\u201cCuidado con los <strong>escapes de gas,<\/strong> <strong>cuidado con las garrafas que no est\u00e9n dentro del interior de la vivienda <\/strong>porque puede haber alguna p\u00e9rdida y eso tambi\u00e9n es letal. Hay que capacitarse, entender c\u00f3mo funciona cada cosa, a no ser negligentes en alguna situaci\u00f3n, a evitar accidentes porque <strong>realmente las consecuencias son bastante graves en cuanto a lo material y ni hablar si tenemos problemas que tengan que ver con la salud o la vida de las personas\u201d<\/strong> subray\u00f3.&nbsp;<\/p>\n\n\n\n<p><\/p>\n\n\n\n<blockquote class=\"wp-block-quote is-layout-flow wp-block-quote-is-layout-flow\">\n<p>Por \u00faltimo, mencion\u00f3 las rejillas de ventilaci\u00f3n: \u201cuno a veces en esta \u00e9poca tapa absolutamente todos los orificios de la vivienda como para que el calor no se escape, pero eso tambi\u00e9n es una trampa mortal porque no permite que el aire limpio y puro pueda ingresar a la vivienda que es lo que nos mantiene vivos\u201d.&nbsp;<\/p>\n<\/blockquote>\n\n\n\n<p><\/p>\n\n\n\n<ul class=\"wp-block-list\">\n<li><strong><em>\u00bfEl cuerpo de Bomberos Voluntarios est\u00e1 preparado ante cualquier eventualidad en la ciudad?&nbsp;<\/em><\/strong><\/li>\n<\/ul>\n\n\n\n<p><\/p>\n\n\n\n<p>En Olavarr\u00eda estamos considerados como <strong>uno de los mejores cuerpos de bomberos de la provincia de Buenos Aires, <\/strong>un poco en funci\u00f3n no solamente del recurso material, sino del recurso humano, el grado de capacitaci\u00f3n y el grado de involucramiento que tiene cada uno de los efectivos que pertenece al cuerpo, desde el Jefe comandante Ferreira, hasta el bombero nuevo que ingres\u00f3.&nbsp;<\/p>\n\n\n\n<p><\/p>\n\n\n\n<blockquote class=\"wp-block-quote is-layout-flow wp-block-quote-is-layout-flow\">\n<p>Estamos todos preparados y todos dispuestos como para poder hacerle frente a cualquier situaci\u00f3n que nos demanda la comunidad. Obviamente que siempre las necesidades en cuanto a la parte econ\u00f3mica van a surgir, porque como todo, la seguridad va avanzando y a lo mejor los equipos uno tambi\u00e9n los tiene que ir renovando. Hoy por hoy podemos decir que la comunidad de Olavarr\u00eda se tiene que sentir segura que tiene un cuerpo de bomberos a la altura de las circunstancias.&nbsp;<\/p>\n<\/blockquote>\n\n\n\n<p><\/p>\n\n\n\n<p>Esto es un trabajo del d\u00eda a d\u00eda. Desde que uno entra al cuartel <strong>tenemos capacitaciones que son semanales con dos o tres horas <\/strong>de instrucci\u00f3n en forma semanal, nos preparamos continuamente,<strong> tenemos los equipos, las herramientas,&nbsp; las autobombas y tenemos estas ganas de llegar, pero tenemos ganas de llegar antes.&nbsp;<\/strong><\/p>\n\n\n\n<p><\/p>\n\n\n\n<p>Si ocurriese alg\u00fan evento fortuito que nos convoque a tener que estar presente en la calle, estamos preparados. <strong>Somos 154 bomberos en la instituci\u00f3n, contando el cuartel central, m\u00e1s los tres destacamentos, Loma Negra, Sierras Bayas e Hinojo.&nbsp;<\/strong><\/p>\n\n\n\n<p><\/p>\n\n\n\n<p>No todos estamos en el mismo momento y eso nos garantiza que nosotros <strong>permanentemente tengamos una guardia operativa que no tarda m\u00e1s de 30 segundos, que es lo que uno tarda en ponerse el equipo de protecci\u00f3n y subirse a la autobomba<\/strong> para salir la primera dotaci\u00f3n a la calle.<\/p>\n\n\n\n<p><\/p>\n\n\n\n<p>Est\u00e1 <strong>garantizado el servicio durante los 365 d\u00edas del a\u00f1o<\/strong>, los d\u00edas feriados, a la noche que tenemos guardias obligatorias nocturnas para poder hacer frente a cualquier situaci\u00f3n.<\/p>\n\n\n\n<p><\/p>\n","protected":false},"excerpt":{"rendered":"<p>Adri\u00e1n Guevara, director de Defensa Civil habl\u00f3 con este medio sobre recomendaciones a la hora de calefaccionar nuestros hogares con<\/p>\n","protected":false},"author":6,"featured_media":170764,"comment_status":"closed","ping_status":"closed","sticky":false,"template":"","format":"standard","meta":{"_jetpack_memberships_contains_paid_content":false,"footnotes":""},"categories":[5,1],"tags":[],"class_list":["post-171089","post","type-post","status-publish","format-standard","has-post-thumbnail","hentry","category-informacion-general","category-portada"],"jetpack_featured_media_url":"https:\/\/i0.wp.com\/cdnoticias.com\/wp-content\/uploads\/2025\/05\/grimaldi-1500-incendio-1.jpg?fit=1000%2C563&ssl=1","jetpack_sharing_enabled":true,"_links":{"self":[{"href":"https:\/\/cdnoticias.com\/index.php\/wp-json\/wp\/v2\/posts\/171089","targetHints":{"allow":["GET"]}}],"collection":[{"href":"https:\/\/cdnoticias.com\/index.php\/wp-json\/wp\/v2\/posts"}],"about":[{"href":"https:\/\/cdnoticias.com\/index.php\/wp-json\/wp\/v2\/types\/post"}],"author":[{"embeddable":true,"href":"https:\/\/cdnoticias.com\/index.php\/wp-json\/wp\/v2\/users\/6"}],"replies":[{"embeddable":true,"href":"https:\/\/cdnoticias.com\/index.php\/wp-json\/wp\/v2\/comments?post=171089"}],"version-history":[{"count":0,"href":"https:\/\/cdnoticias.com\/index.php\/wp-json\/wp\/v2\/posts\/171089\/revisions"}],"wp:featuredmedia":[{"embeddable":true,"href":"https:\/\/cdnoticias.com\/index.php\/wp-json\/wp\/v2\/media\/170764"}],"wp:attachment":[{"href":"https:\/\/cdnoticias.com\/index.php\/wp-json\/wp\/v2\/media?parent=171089"}],"wp:term":[{"taxonomy":"category","embeddable":true,"href":"https:\/\/cdnoticias.com\/index.php\/wp-json\/wp\/v2\/categories?post=171089"},{"taxonomy":"post_tag","embeddable":true,"href":"https:\/\/cdnoticias.com\/index.php\/wp-json\/wp\/v2\/tags?post=171089"}],"curies":[{"name":"wp","href":"https:\/\/api.w.org\/{rel}","templated":true}]}}