{"id":17106,"date":"2021-03-24T19:09:01","date_gmt":"2021-03-24T22:09:01","guid":{"rendered":"http:\/\/www.centraldenoticias.com.ar\/?p=17106"},"modified":"2021-03-24T19:09:01","modified_gmt":"2021-03-24T22:09:01","slug":"vecinos-del-barrio-educadores-tambien-plantaron-memoria","status":"publish","type":"post","link":"https:\/\/cdnoticias.com\/index.php\/2021\/03\/24\/vecinos-del-barrio-educadores-tambien-plantaron-memoria\/","title":{"rendered":"Vecinos del barrio Educadores tambi\u00e9n \u201cPlantaron Memoria\u201d"},"content":{"rendered":"<p>En la jornada de este mi\u00e9rcoles, con motivo de la conmemoraci\u00f3n del 24 de Marzo, plantaron tres ceibos en la plaza del barrio.<!--more--><\/p>\n<hr \/>\n<p>Con motivo de la conmemoraci\u00f3n de los 45 a\u00f1os del inicio de la dictadura militar numerosas actividades se replicaron en nuestra ciudad, y varias de ellos se dieron en adhesi\u00f3n al<strong> Programa Nacional Plantamos Memoria, una iniciativa impulsada desde Madres y Abuelas de Plaza de Mayo y organizaciones de Derechos Humanos.<\/strong><\/p>\n<p>&nbsp;<\/p>\n<p><img data-recalc-dims=\"1\" loading=\"lazy\" decoding=\"async\" class=\"alignnone size-full wp-image-17108\" src=\"https:\/\/i0.wp.com\/cdnoticias.com\/wp-content\/uploads\/2021\/03\/educadore02.jpg?resize=800%2C445&#038;ssl=1\" alt=\"\" width=\"800\" height=\"445\" srcset=\"https:\/\/i0.wp.com\/cdnoticias.com\/wp-content\/uploads\/2021\/03\/educadore02.jpg?w=800&amp;ssl=1 800w, https:\/\/i0.wp.com\/cdnoticias.com\/wp-content\/uploads\/2021\/03\/educadore02.jpg?resize=300%2C167&amp;ssl=1 300w, https:\/\/i0.wp.com\/cdnoticias.com\/wp-content\/uploads\/2021\/03\/educadore02.jpg?resize=768%2C427&amp;ssl=1 768w\" sizes=\"auto, (max-width: 800px) 100vw, 800px\" \/><\/p>\n<p>&nbsp;<\/p>\n<p>En ese sentido numerosas entidades, instituciones y agrupaciones llevaron adelante tareas similares en todo el partido de Olavarr\u00eda. Las adhesiones tambi\u00e9n encontraron el eco en la comunidad en general,<strong> como el caso de vecinos del barrio Educadores, quienes plantaron tres ceibos.<\/strong><\/p>\n<p>&nbsp;<\/p>\n<p><img data-recalc-dims=\"1\" loading=\"lazy\" decoding=\"async\" class=\"alignnone size-full wp-image-17107\" src=\"https:\/\/i0.wp.com\/cdnoticias.com\/wp-content\/uploads\/2021\/03\/educaores03.jpg?resize=800%2C445&#038;ssl=1\" alt=\"\" width=\"800\" height=\"445\" srcset=\"https:\/\/i0.wp.com\/cdnoticias.com\/wp-content\/uploads\/2021\/03\/educaores03.jpg?w=800&amp;ssl=1 800w, https:\/\/i0.wp.com\/cdnoticias.com\/wp-content\/uploads\/2021\/03\/educaores03.jpg?resize=300%2C167&amp;ssl=1 300w, https:\/\/i0.wp.com\/cdnoticias.com\/wp-content\/uploads\/2021\/03\/educaores03.jpg?resize=768%2C427&amp;ssl=1 768w\" sizes=\"auto, (max-width: 800px) 100vw, 800px\" \/><\/p>\n<p>&nbsp;<\/p>\n<p>En di\u00e1logo con <em><strong>Central de Noticias<\/strong><\/em> se precis\u00f3 que el grupo de vecinos realiz\u00f3 las tareas en la ma\u00f1ana de este mi\u00e9rcoles en la plaza del barrio. <strong>Adem\u00e1s de \u201cplantar Memoria\u201d, una ni\u00f1a se encarg\u00f3 de realizar carteles que fueron colocados en cada una de las plantas.<\/strong><\/p>\n","protected":false},"excerpt":{"rendered":"<p>En la jornada de este mi\u00e9rcoles, con motivo de la conmemoraci\u00f3n del 24 de Marzo, plantaron tres ceibos en la<\/p>\n","protected":false},"author":3,"featured_media":17109,"comment_status":"closed","ping_status":"closed","sticky":false,"template":"","format":"standard","meta":{"_jetpack_memberships_contains_paid_content":false,"footnotes":""},"categories":[5],"tags":[],"class_list":["post-17106","post","type-post","status-publish","format-standard","has-post-thumbnail","hentry","category-informacion-general"],"jetpack_featured_media_url":"https:\/\/i0.wp.com\/cdnoticias.com\/wp-content\/uploads\/2021\/03\/educadores.jpg?fit=800%2C445&ssl=1","jetpack_sharing_enabled":true,"_links":{"self":[{"href":"https:\/\/cdnoticias.com\/index.php\/wp-json\/wp\/v2\/posts\/17106","targetHints":{"allow":["GET"]}}],"collection":[{"href":"https:\/\/cdnoticias.com\/index.php\/wp-json\/wp\/v2\/posts"}],"about":[{"href":"https:\/\/cdnoticias.com\/index.php\/wp-json\/wp\/v2\/types\/post"}],"author":[{"embeddable":true,"href":"https:\/\/cdnoticias.com\/index.php\/wp-json\/wp\/v2\/users\/3"}],"replies":[{"embeddable":true,"href":"https:\/\/cdnoticias.com\/index.php\/wp-json\/wp\/v2\/comments?post=17106"}],"version-history":[{"count":0,"href":"https:\/\/cdnoticias.com\/index.php\/wp-json\/wp\/v2\/posts\/17106\/revisions"}],"wp:featuredmedia":[{"embeddable":true,"href":"https:\/\/cdnoticias.com\/index.php\/wp-json\/wp\/v2\/media\/17109"}],"wp:attachment":[{"href":"https:\/\/cdnoticias.com\/index.php\/wp-json\/wp\/v2\/media?parent=17106"}],"wp:term":[{"taxonomy":"category","embeddable":true,"href":"https:\/\/cdnoticias.com\/index.php\/wp-json\/wp\/v2\/categories?post=17106"},{"taxonomy":"post_tag","embeddable":true,"href":"https:\/\/cdnoticias.com\/index.php\/wp-json\/wp\/v2\/tags?post=17106"}],"curies":[{"name":"wp","href":"https:\/\/api.w.org\/{rel}","templated":true}]}}