{"id":171000,"date":"2025-05-08T18:14:56","date_gmt":"2025-05-08T21:14:56","guid":{"rendered":"https:\/\/cdnoticias.com\/?p=171000"},"modified":"2025-05-08T18:15:08","modified_gmt":"2025-05-08T21:15:08","slug":"carlos-jose-gonzalez-zeberio-tete-q-e-p-d","status":"publish","type":"post","link":"https:\/\/cdnoticias.com\/index.php\/2025\/05\/08\/carlos-jose-gonzalez-zeberio-tete-q-e-p-d\/","title":{"rendered":"Carlos Jos\u00e9 Gonz\u00e1lez Zeberio \u201cTete\u201d (Q.E.P.D.)"},"content":{"rendered":"\n<p>Falleci\u00f3 en Olavarr\u00eda el 8 de mayo de 2025 a los 82 a\u00f1os.&nbsp;<\/p>\n\n\n\n<p>Su esposa: Mabel. Sus hijos: Marcelo y Gast\u00f3n.Su hija pol\u00edtica: Romina Ric\u00f3n. Su nieto: Genaro Gonzalez y dem\u00e1s deudos participan su fallecimiento.<\/p>\n\n\n\n<p>Velatorio:&nbsp; Espa\u00f1a 2942, Departamento &#8220;D&#8221; cierra 22 horas y reabre a las 7 horas. Responso: Capilla Ardiente. Inhumaci\u00f3n: Loma de Paz, viernes 9 de mayo a las 11:30 horas. Servicio adherido a Coopelectric.&nbsp;<\/p>\n\n\n\n<p>Barrio en el que viv\u00eda: Pueblo Nuevo.<\/p>\n\n\n\n<p>Lugar de nacimiento: La Plata.<\/p>\n\n\n\n<p>Actividad que desarrollaba: Productor Agropecuario.<\/p>\n","protected":false},"excerpt":{"rendered":"<p>Falleci\u00f3 en Olavarr\u00eda el 8 de mayo de 2025 a los 82 a\u00f1os.&nbsp; Su esposa: Mabel. Sus hijos: Marcelo y<\/p>\n","protected":false},"author":6,"featured_media":100390,"comment_status":"closed","ping_status":"closed","sticky":false,"template":"","format":"standard","meta":{"_jetpack_memberships_contains_paid_content":false,"footnotes":""},"categories":[10],"tags":[],"class_list":["post-171000","post","type-post","status-publish","format-standard","has-post-thumbnail","hentry","category-necrologicas"],"jetpack_featured_media_url":"https:\/\/i0.wp.com\/cdnoticias.com\/wp-content\/uploads\/2023\/10\/necrologicas-390-x-240.jpg?fit=390%2C240&ssl=1","jetpack_sharing_enabled":true,"_links":{"self":[{"href":"https:\/\/cdnoticias.com\/index.php\/wp-json\/wp\/v2\/posts\/171000","targetHints":{"allow":["GET"]}}],"collection":[{"href":"https:\/\/cdnoticias.com\/index.php\/wp-json\/wp\/v2\/posts"}],"about":[{"href":"https:\/\/cdnoticias.com\/index.php\/wp-json\/wp\/v2\/types\/post"}],"author":[{"embeddable":true,"href":"https:\/\/cdnoticias.com\/index.php\/wp-json\/wp\/v2\/users\/6"}],"replies":[{"embeddable":true,"href":"https:\/\/cdnoticias.com\/index.php\/wp-json\/wp\/v2\/comments?post=171000"}],"version-history":[{"count":0,"href":"https:\/\/cdnoticias.com\/index.php\/wp-json\/wp\/v2\/posts\/171000\/revisions"}],"wp:featuredmedia":[{"embeddable":true,"href":"https:\/\/cdnoticias.com\/index.php\/wp-json\/wp\/v2\/media\/100390"}],"wp:attachment":[{"href":"https:\/\/cdnoticias.com\/index.php\/wp-json\/wp\/v2\/media?parent=171000"}],"wp:term":[{"taxonomy":"category","embeddable":true,"href":"https:\/\/cdnoticias.com\/index.php\/wp-json\/wp\/v2\/categories?post=171000"},{"taxonomy":"post_tag","embeddable":true,"href":"https:\/\/cdnoticias.com\/index.php\/wp-json\/wp\/v2\/tags?post=171000"}],"curies":[{"name":"wp","href":"https:\/\/api.w.org\/{rel}","templated":true}]}}