{"id":170992,"date":"2025-05-09T17:08:54","date_gmt":"2025-05-09T20:08:54","guid":{"rendered":"https:\/\/cdnoticias.com\/?p=170992"},"modified":"2025-05-09T17:08:56","modified_gmt":"2025-05-09T20:08:56","slug":"inaugura-el-primer-salon-de-dibujo-alberto-salinas-en-el-museo-damaso-arce","status":"publish","type":"post","link":"https:\/\/cdnoticias.com\/index.php\/2025\/05\/09\/inaugura-el-primer-salon-de-dibujo-alberto-salinas-en-el-museo-damaso-arce\/","title":{"rendered":"Inaugura el Primer Sal\u00f3n de Dibujo \u201cAlberto Salinas\u201d en el Museo D\u00e1maso Arce"},"content":{"rendered":"\n<p>Ser\u00e1 este domingo 11 de mayo a las 19 horas. donde se revelar\u00e1n los premios correspondientes destinados a los artistas seleccionados. <\/p>\n\n\n\n<hr class=\"wp-block-separator aligncenter has-alpha-channel-opacity\"\/>\n\n\n\n<p>El<strong> Museo D\u00e1maso Arce <\/strong>invita a la comunidad a la <strong>inauguraci\u00f3n del Primer Sal\u00f3n de Dibujo \u201cAlberto Salinas\u201d, <\/strong>que se llevar\u00e1 a cabo este <strong>domingo 11 de mayo a las 19 horas.<\/strong><\/p>\n\n\n\n<p><\/p>\n\n\n\n<p>Luego de la convocatoria, que culmin\u00f3 el pasado mes de abril, <strong>los y las artistas que fueron seleccionados para conformar la muestra <\/strong>fueron los siguientes: Carlos, Paloma; Herb\u00f3n, Virginia Mariana; Salguero, Florencia; Antonini Scotti, Urbano; Lanciotti, Mercedes; Mazariche, Roberto Hugo; Beltracchi F\u00e1tima; Narvaja, Alejo; Escaig, Silvio Andr\u00e9s; Zeme, Alejandra Marcela; Mart\u00ednez Vailati, Facundo Enrique; Badagnani, Paula Gabriela; Bardy, Pamela Soledad; Lastarria, Ludmila Azul; Patronelli, Aylton; Donatelli, Anabella Denise; Giacomino, Franco Nicol\u00e1s; Farana, Rosana Mar\u00eda; Dom\u00ednguez, Juan Ignacio; Cardiello, Nacho; Mele, Silvina; Benegas, Andrea Vanesa; Barboza, Abril Milena; Hiese, Sof\u00eda; Cardona, Rosana; Pereira, Lorena y Zanazzi, M\u00f3nica Beatriz.<\/p>\n\n\n\n<p><\/p>\n\n\n\n<blockquote class=\"wp-block-quote is-layout-flow wp-block-quote-is-layout-flow\">\n<p>Con la presencia de artistas y jurado, se revelar\u00e1n los premios correspondientes al sal\u00f3n: un primer premio adquisici\u00f3n de $100.000, un segundo premio adquisici\u00f3n de $50.000, un premio especial para artista olavarriense, y dos menciones especiales que asignaron los tres jurados convocados para este encuentro.<\/p>\n<\/blockquote>\n\n\n\n<p><\/p>\n\n\n\n<p>Adem\u00e1s de las producciones de cada dibujante,<strong> la muestra contar\u00e1 con un espacio dedicado al artista que da nombre al sal\u00f3n,<\/strong> con ilustraciones a color y dibujos en tinta.<\/p>\n\n\n\n<p><\/p>\n\n\n\n<p>Alberto C\u00e9sar Salinas, el artista que da nombre al sal\u00f3n, fue un <strong>importante dibujante argentino<\/strong>, hijo de Jos\u00e9 Luis Salinas, conocido por ilustrar durante a\u00f1os las <strong>revistas de Billiken, y Anteojito<\/strong>, as\u00ed como diversas editoriales, como la vieja Editorial Columba, a trav\u00e9s de personajes tales como Dago, o La Legi\u00f3n Extranjera. En 1997 recibi\u00f3 el prestigioso galard\u00f3n internacional <strong>\u201cYellow Kid<\/strong>\u201d, que muy pocos dibujantes argentinos ostentan.<\/p>\n\n\n\n<p><\/p>\n\n\n\n<p>Esta selecci\u00f3n de obras <strong>conformar\u00e1 la segunda muestra del a\u00f1o <\/strong>del Museo Municipal \u201cD\u00e1maso Arce\u201d, que permanecer\u00e1 en exposici\u00f3n<strong> hasta el mes de julio.<\/strong><\/p>\n\n\n\n<p><\/p>\n","protected":false},"excerpt":{"rendered":"<p>Ser\u00e1 este domingo 11 de mayo a las 19 horas. donde se revelar\u00e1n los premios correspondientes destinados a los artistas<\/p>\n","protected":false},"author":6,"featured_media":50370,"comment_status":"closed","ping_status":"closed","sticky":false,"template":"","format":"standard","meta":{"_jetpack_memberships_contains_paid_content":false,"footnotes":""},"categories":[9,1],"tags":[],"class_list":["post-170992","post","type-post","status-publish","format-standard","has-post-thumbnail","hentry","category-cultura","category-portada"],"jetpack_featured_media_url":"https:\/\/i0.wp.com\/cdnoticias.com\/wp-content\/uploads\/2022\/03\/Museo-Damaso-Arce-Drone.jpg?fit=800%2C445&ssl=1","jetpack_sharing_enabled":true,"_links":{"self":[{"href":"https:\/\/cdnoticias.com\/index.php\/wp-json\/wp\/v2\/posts\/170992","targetHints":{"allow":["GET"]}}],"collection":[{"href":"https:\/\/cdnoticias.com\/index.php\/wp-json\/wp\/v2\/posts"}],"about":[{"href":"https:\/\/cdnoticias.com\/index.php\/wp-json\/wp\/v2\/types\/post"}],"author":[{"embeddable":true,"href":"https:\/\/cdnoticias.com\/index.php\/wp-json\/wp\/v2\/users\/6"}],"replies":[{"embeddable":true,"href":"https:\/\/cdnoticias.com\/index.php\/wp-json\/wp\/v2\/comments?post=170992"}],"version-history":[{"count":0,"href":"https:\/\/cdnoticias.com\/index.php\/wp-json\/wp\/v2\/posts\/170992\/revisions"}],"wp:featuredmedia":[{"embeddable":true,"href":"https:\/\/cdnoticias.com\/index.php\/wp-json\/wp\/v2\/media\/50370"}],"wp:attachment":[{"href":"https:\/\/cdnoticias.com\/index.php\/wp-json\/wp\/v2\/media?parent=170992"}],"wp:term":[{"taxonomy":"category","embeddable":true,"href":"https:\/\/cdnoticias.com\/index.php\/wp-json\/wp\/v2\/categories?post=170992"},{"taxonomy":"post_tag","embeddable":true,"href":"https:\/\/cdnoticias.com\/index.php\/wp-json\/wp\/v2\/tags?post=170992"}],"curies":[{"name":"wp","href":"https:\/\/api.w.org\/{rel}","templated":true}]}}