{"id":170975,"date":"2025-05-08T17:02:09","date_gmt":"2025-05-08T20:02:09","guid":{"rendered":"https:\/\/cdnoticias.com\/?p=170975"},"modified":"2025-05-08T19:04:18","modified_gmt":"2025-05-08T22:04:18","slug":"robert-prevost-es-el-nuevo-papa-de-la-iglesia-catolica-y-se-llamara-leon-xiv","status":"publish","type":"post","link":"https:\/\/cdnoticias.com\/index.php\/2025\/05\/08\/robert-prevost-es-el-nuevo-papa-de-la-iglesia-catolica-y-se-llamara-leon-xiv\/","title":{"rendered":"Robert Prevost es el nuevo Papa de la Iglesia Cat\u00f3lica y se llamar\u00e1 Le\u00f3n XIV"},"content":{"rendered":"\n<p>El cardenal estadounidense ser\u00e1 el sucesor del Papa Francisco.<\/p>\n\n\n\n<hr class=\"wp-block-separator aligncenter has-alpha-channel-opacity\"\/>\n\n\n\n<p>El <strong>cardenal estadounidense Robert Francis Prevost Mart\u00ednez, <\/strong>fue<strong> elegido este jueves por el C\u00f3nclave como el nuevo Papa de la Iglesia Cat\u00f3lica<\/strong>, y encarar\u00e1 su mandato como <strong>Le\u00f3n XIV.<\/strong><\/p>\n\n\n\n<p><\/p>\n\n\n\n<p>Enrolado en la <strong>l\u00ednea pol\u00edtica misionera de Francisco<\/strong> y perteneciente a la orden de los agustinos<strong>, este hombre de 68 a\u00f1os<\/strong>, tendr\u00e1 la responsabilidad de manejar las riendas de la Iglesia tras la muerte de Jorge Bergoglio.<\/p>\n\n\n\n<p><\/p>\n\n\n\n<blockquote class=\"wp-block-quote is-layout-flow wp-block-quote-is-layout-flow\">\n<p>Es el segundo Papa proveniente del continente americano, luego del argentino Francisco. Nacido en Chicago, Estados Unidos, tiene un costado que lo liga al ala hispana de la regi\u00f3n, ya que vivi\u00f3 m\u00e1s de 18 a\u00f1os en Per\u00fa, desarrollando tareas desde su congregaci\u00f3n desde 2015 como obispo de Chiclayo. Desde ese momento mantiene la nacionalidad peruana y un fuerte v\u00ednculo con el pueblo latino.<\/p>\n<\/blockquote>\n\n\n\n<p><\/p>\n\n\n\n<p>Visiblemente emocionado, el primer sumo pont\u00edfice estadounidense<strong> dedic\u00f3 palabras a su antecesor ni bien sali\u00f3 al balc\u00f3n, <\/strong>con los ojos del mundo puestos en su mensaje: <strong><em>\u201cGracias al papa Francisco. Quisiera que este saludo de paz llegue hasta sus corazones. Que los alcance a sus familias, a todas sus personas donde quiera que se encuentre, a toda la Tierra. La paz est\u00e9 con ustedes\u201d<\/em><\/strong> expres\u00f3. <\/p>\n\n\n\n<p><\/p>\n\n\n\n<p>En su primer discurso como Papa, Le\u00f3n XIV plante\u00f3 que todos est\u00e1n<em> \u201cen las manos de Dios, por lo tanto sin miedo, unidos, mano a mano con Dios y entre nosotros vayamos adelante. Seamos disc\u00edpulos de Cristo, Cristo nos precede. El mundo necesita de su luz. La humanidad necesita de \u00e9l como el puente para ser alcanzado por Dios de su amor\u201d.<\/em><\/p>\n\n\n\n<p><\/p>\n\n\n\n<figure class=\"wp-block-image aligncenter size-full\"><img data-recalc-dims=\"1\" loading=\"lazy\" decoding=\"async\" width=\"800\" height=\"465\" src=\"https:\/\/i0.wp.com\/cdnoticias.com\/wp-content\/uploads\/2025\/05\/nuevo-papa-.png?resize=800%2C465&#038;ssl=1\" alt=\"\" class=\"wp-image-170976\" srcset=\"https:\/\/i0.wp.com\/cdnoticias.com\/wp-content\/uploads\/2025\/05\/nuevo-papa-.png?w=997&amp;ssl=1 997w, https:\/\/i0.wp.com\/cdnoticias.com\/wp-content\/uploads\/2025\/05\/nuevo-papa-.png?resize=300%2C175&amp;ssl=1 300w, https:\/\/i0.wp.com\/cdnoticias.com\/wp-content\/uploads\/2025\/05\/nuevo-papa-.png?resize=768%2C447&amp;ssl=1 768w\" sizes=\"auto, (max-width: 800px) 100vw, 800px\" \/><\/figure>\n\n\n\n<p><\/p>\n\n\n\n<p>Alineado con los reiterados pedidos de paz de Francisco, extendi\u00f3 tambi\u00e9n un llamado a la ayuda comunitaria. <strong><em>\u201cAy\u00fadense ustedes los unos a los otros, a construir puentes para ser todos juntos un solo pueblo en paz. Tenemos que estar juntos, ser una iglesia misionera, que construye puestos de di\u00e1logo, abierta a recibir a todos aquellos que tienen necesidad de nuestra caridad, presencia de di\u00e1logo y amor\u201d.<\/em><\/strong><\/p>\n\n\n\n<p><\/p>\n\n\n\n<blockquote class=\"wp-block-quote is-layout-flow wp-block-quote-is-layout-flow\">\n<p>Entonces interrumpi\u00f3 su discurso en italiano para pasar al castellano. \u201cSi se me permite\u201d, dijo ya transformado al espa\u00f1ol, y sigui\u00f3: \u201cMi querida di\u00f3cesis en Chiclayo, en Per\u00fa, un pueblo fiel acompa\u00f1ado a su obispo, comparti\u00f3 su fe y dio tanto para seguir siendo iglesia fiel de Jesucristo\u201d.<\/p>\n<\/blockquote>\n\n\n\n<p><\/p>\n\n\n\n<p>Antes de cerrar con un Ave Mar\u00eda, dijo: \u201cHoy, el D\u00eda de la Virgen de Pompeya, nuestra madre Mar\u00eda quiere caminar siempre con nosotros, estar cerca, ayudarnos con su amor. Quiero rezar con ustedes, recemos juntos por esta nueva misi\u00f3n, por toda la iglesia, por la paz en el mundo\u201d.<\/p>\n\n\n\n<p><\/p>\n\n\n\n<blockquote class=\"wp-block-quote is-layout-flow wp-block-quote-is-layout-flow\">\n<p>El Papa Francisco lo design\u00f3 miembro de la Congregaci\u00f3n para el Clero en 2019 y de la Congregaci\u00f3n para los Obispos en 2020, adem\u00e1s de administrador apost\u00f3lico de la di\u00f3cesis del Callao. Fue en 2023 cuando fue designado prefecto del Dicasterio para los Obispos y presidente de la Pontificia Comisi\u00f3n para Am\u00e9rica Latina.<\/p>\n<\/blockquote>\n\n\n\n<p><\/p>\n\n\n\n<p>Hasta esta jornada, era miembro de siete dicasterios del Vaticano, as\u00ed como de la Comisi\u00f3n para el Gobierno del Estado de la Ciudad del Vaticano, lo que ha sido interpretado como un<strong> indicio de la confianza del Papa Francisco <\/strong>en el purpurado. <\/p>\n\n\n\n<p><\/p>\n\n\n\n<p><em>Fuente: DIB <\/em><\/p>\n\n\n\n<p><\/p>\n","protected":false},"excerpt":{"rendered":"<p>El cardenal estadounidense ser\u00e1 el sucesor del Papa Francisco. El cardenal estadounidense Robert Francis Prevost Mart\u00ednez, fue elegido este jueves<\/p>\n","protected":false},"author":6,"featured_media":170977,"comment_status":"closed","ping_status":"closed","sticky":false,"template":"","format":"standard","meta":{"_jetpack_memberships_contains_paid_content":false,"footnotes":""},"categories":[6,1],"tags":[],"class_list":["post-170975","post","type-post","status-publish","format-standard","has-post-thumbnail","hentry","category-nacionales","category-portada"],"jetpack_featured_media_url":"https:\/\/i0.wp.com\/cdnoticias.com\/wp-content\/uploads\/2025\/05\/robert-prevost-nuevo-papa.jpg?fit=696%2C492&ssl=1","jetpack_sharing_enabled":true,"_links":{"self":[{"href":"https:\/\/cdnoticias.com\/index.php\/wp-json\/wp\/v2\/posts\/170975","targetHints":{"allow":["GET"]}}],"collection":[{"href":"https:\/\/cdnoticias.com\/index.php\/wp-json\/wp\/v2\/posts"}],"about":[{"href":"https:\/\/cdnoticias.com\/index.php\/wp-json\/wp\/v2\/types\/post"}],"author":[{"embeddable":true,"href":"https:\/\/cdnoticias.com\/index.php\/wp-json\/wp\/v2\/users\/6"}],"replies":[{"embeddable":true,"href":"https:\/\/cdnoticias.com\/index.php\/wp-json\/wp\/v2\/comments?post=170975"}],"version-history":[{"count":0,"href":"https:\/\/cdnoticias.com\/index.php\/wp-json\/wp\/v2\/posts\/170975\/revisions"}],"wp:featuredmedia":[{"embeddable":true,"href":"https:\/\/cdnoticias.com\/index.php\/wp-json\/wp\/v2\/media\/170977"}],"wp:attachment":[{"href":"https:\/\/cdnoticias.com\/index.php\/wp-json\/wp\/v2\/media?parent=170975"}],"wp:term":[{"taxonomy":"category","embeddable":true,"href":"https:\/\/cdnoticias.com\/index.php\/wp-json\/wp\/v2\/categories?post=170975"},{"taxonomy":"post_tag","embeddable":true,"href":"https:\/\/cdnoticias.com\/index.php\/wp-json\/wp\/v2\/tags?post=170975"}],"curies":[{"name":"wp","href":"https:\/\/api.w.org\/{rel}","templated":true}]}}