{"id":170946,"date":"2025-05-08T12:18:32","date_gmt":"2025-05-08T15:18:32","guid":{"rendered":"https:\/\/cdnoticias.com\/?p=170946"},"modified":"2025-05-09T07:58:48","modified_gmt":"2025-05-09T10:58:48","slug":"gustavo-flensborg-es-el-nuevo-decano-de-la-facultad-de-ciencias-sociales-de-unicen","status":"publish","type":"post","link":"https:\/\/cdnoticias.com\/index.php\/2025\/05\/08\/gustavo-flensborg-es-el-nuevo-decano-de-la-facultad-de-ciencias-sociales-de-unicen\/","title":{"rendered":"Gustavo Flensborg es el nuevo decano de la Facultad de Ciencias Sociales de Unicen"},"content":{"rendered":"<p>Este jueves se desarroll\u00f3 una jornada hist\u00f3rica para la instituci\u00f3n educativa ya que por primera vez hubo dos listas de candidatos al decanato.<!--more--><\/p>\n<hr \/>\n<p><strong>Gustavo Flensborg y Nicol\u00e1s Casado<\/strong> fueron electos como<strong> decano y vice decano<\/strong>, respectivamente, de la <strong>Facultad de Ciencias Sociales de la Unicen.<\/strong><\/p>\n<p><strong>Este jueves se desarroll\u00f3 la sesi\u00f3n del Consejo Acad\u00e9mico<\/strong> en que los<strong> 12 miembros habilitados a votar<\/strong> expresaron su postura. La <strong>jornada fue hist\u00f3rica<\/strong> para la instituci\u00f3n educativa ya que<a href=\"https:\/\/cdnoticias.com\/index.php\/2025\/05\/06\/en-la-facultad-de-sociales-habra-elecciones-por-primera-vez-en-la-historia\/\" target=\"_blank\" rel=\"noopener\"> por primera vez hubo dos listas de candidatos al decanato<\/a>.<\/p>\n<figure id=\"attachment_170947\" aria-describedby=\"caption-attachment-170947\" style=\"width: 1000px\" class=\"wp-caption aligncenter\"><img data-recalc-dims=\"1\" loading=\"lazy\" decoding=\"async\" class=\"size-full wp-image-170947\" src=\"https:\/\/i0.wp.com\/cdnoticias.com\/wp-content\/uploads\/2025\/05\/gustavo-flensborg-facultad-de-ciencias-sociales.jpg?resize=800%2C446&#038;ssl=1\" alt=\"\" width=\"800\" height=\"446\" srcset=\"https:\/\/i0.wp.com\/cdnoticias.com\/wp-content\/uploads\/2025\/05\/gustavo-flensborg-facultad-de-ciencias-sociales.jpg?w=1000&amp;ssl=1 1000w, https:\/\/i0.wp.com\/cdnoticias.com\/wp-content\/uploads\/2025\/05\/gustavo-flensborg-facultad-de-ciencias-sociales.jpg?resize=300%2C167&amp;ssl=1 300w, https:\/\/i0.wp.com\/cdnoticias.com\/wp-content\/uploads\/2025\/05\/gustavo-flensborg-facultad-de-ciencias-sociales.jpg?resize=768%2C428&amp;ssl=1 768w, https:\/\/i0.wp.com\/cdnoticias.com\/wp-content\/uploads\/2025\/05\/gustavo-flensborg-facultad-de-ciencias-sociales.jpg?resize=800%2C445&amp;ssl=1 800w\" sizes=\"auto, (max-width: 800px) 100vw, 800px\" \/><figcaption id=\"caption-attachment-170947\" class=\"wp-caption-text\">Gustavo Flensborg es el nuevo decano de FACSO.<\/figcaption><\/figure>\n<blockquote><p>Gustavo Flensborg y Nicol\u00e1s Casado, de la l\u00ednea oficialista, ganaron la votaci\u00f3n por ocho votos contra los cuatro que obtuvo la lista opositora, integrada por Maximiliano Peret y Emilio Tevez.<\/p><\/blockquote>\n<p>La <strong>hasta ahora decana, Gabriela Gamberini<\/strong>, abri\u00f3 el acto de elecci\u00f3n. \u201cEs una jornada de enorme significaci\u00f3n para nuestra historia de Facultad. <strong>En 37 a\u00f1os es la primera vez que llevaremos adelante una elecci\u00f3n con dos f\u00f3rmulas. Es un hecho muy importante<\/strong>, que creo que da cuenta de diferentes miradas, proyectos de Facultad que pone en juego la <strong>ciudadan\u00eda universitaria<\/strong> y eso es para m\u00ed de enorme valor\u201d expres\u00f3.<\/p>\n<p>El proceso se extendi\u00f3 por aproximadamente media hora hasta que se conoci\u00f3 el resultado definitivo.<\/p>\n<p><img data-recalc-dims=\"1\" loading=\"lazy\" decoding=\"async\" class=\"alignnone size-full wp-image-170948 aligncenter\" src=\"https:\/\/i0.wp.com\/cdnoticias.com\/wp-content\/uploads\/2025\/05\/facultad-de-ciencias-sociales-eleccion-de-decano-A.jpg?resize=800%2C450&#038;ssl=1\" alt=\"\" width=\"800\" height=\"450\" srcset=\"https:\/\/i0.wp.com\/cdnoticias.com\/wp-content\/uploads\/2025\/05\/facultad-de-ciencias-sociales-eleccion-de-decano-A.jpg?w=1000&amp;ssl=1 1000w, https:\/\/i0.wp.com\/cdnoticias.com\/wp-content\/uploads\/2025\/05\/facultad-de-ciencias-sociales-eleccion-de-decano-A.jpg?resize=300%2C169&amp;ssl=1 300w, https:\/\/i0.wp.com\/cdnoticias.com\/wp-content\/uploads\/2025\/05\/facultad-de-ciencias-sociales-eleccion-de-decano-A.jpg?resize=768%2C432&amp;ssl=1 768w\" sizes=\"auto, (max-width: 800px) 100vw, 800px\" \/><\/p>\n","protected":false},"excerpt":{"rendered":"<p>Este jueves se desarroll\u00f3 una jornada hist\u00f3rica para la instituci\u00f3n educativa ya que por primera vez hubo dos listas de<\/p>\n","protected":false},"author":4,"featured_media":170949,"comment_status":"closed","ping_status":"closed","sticky":false,"template":"","format":"standard","meta":{"_jetpack_memberships_contains_paid_content":false,"footnotes":""},"categories":[4,1],"tags":[],"class_list":["post-170946","post","type-post","status-publish","format-standard","has-post-thumbnail","hentry","category-politica","category-portada"],"jetpack_featured_media_url":"https:\/\/i0.wp.com\/cdnoticias.com\/wp-content\/uploads\/2025\/05\/facultad-de-ciencias-sociales-eleccion-de-decano-B.jpg?fit=1000%2C556&ssl=1","jetpack_sharing_enabled":true,"_links":{"self":[{"href":"https:\/\/cdnoticias.com\/index.php\/wp-json\/wp\/v2\/posts\/170946","targetHints":{"allow":["GET"]}}],"collection":[{"href":"https:\/\/cdnoticias.com\/index.php\/wp-json\/wp\/v2\/posts"}],"about":[{"href":"https:\/\/cdnoticias.com\/index.php\/wp-json\/wp\/v2\/types\/post"}],"author":[{"embeddable":true,"href":"https:\/\/cdnoticias.com\/index.php\/wp-json\/wp\/v2\/users\/4"}],"replies":[{"embeddable":true,"href":"https:\/\/cdnoticias.com\/index.php\/wp-json\/wp\/v2\/comments?post=170946"}],"version-history":[{"count":0,"href":"https:\/\/cdnoticias.com\/index.php\/wp-json\/wp\/v2\/posts\/170946\/revisions"}],"wp:featuredmedia":[{"embeddable":true,"href":"https:\/\/cdnoticias.com\/index.php\/wp-json\/wp\/v2\/media\/170949"}],"wp:attachment":[{"href":"https:\/\/cdnoticias.com\/index.php\/wp-json\/wp\/v2\/media?parent=170946"}],"wp:term":[{"taxonomy":"category","embeddable":true,"href":"https:\/\/cdnoticias.com\/index.php\/wp-json\/wp\/v2\/categories?post=170946"},{"taxonomy":"post_tag","embeddable":true,"href":"https:\/\/cdnoticias.com\/index.php\/wp-json\/wp\/v2\/tags?post=170946"}],"curies":[{"name":"wp","href":"https:\/\/api.w.org\/{rel}","templated":true}]}}