{"id":170944,"date":"2025-05-08T11:58:13","date_gmt":"2025-05-08T14:58:13","guid":{"rendered":"https:\/\/cdnoticias.com\/?p=170944"},"modified":"2025-05-08T11:58:14","modified_gmt":"2025-05-08T14:58:14","slug":"ester-rosa-angeloff-viuda-de-fissini-rosita-q-e-p-d","status":"publish","type":"post","link":"https:\/\/cdnoticias.com\/index.php\/2025\/05\/08\/ester-rosa-angeloff-viuda-de-fissini-rosita-q-e-p-d\/","title":{"rendered":"Ester Rosa Angeloff viuda de Fissini &#8220;Rosita&#8221; (Q.E.P.D.)"},"content":{"rendered":"<p>Falleci\u00f3 en Olavarr\u00eda el d\u00eda 8 de Mayo de 2025 a los 81 a\u00f1os de edad.<\/p>\n<p>Su hijo Gustavo Fissini. Sus nietos Gino y Franca Fissini. Su hija pol\u00edtica Andrea Montanaro. Sus hermanas Mabel, Liliana, Sof\u00eda y Leticia Angeloff, y dem\u00e1s deudos participan su fallecimiento.<\/p>\n<p>Velatorio: Espa\u00f1a 2942, Departamento &#8220;C&#8221;. Habilita desde 14 hs. Responso: Capilla Ardiente. Inhumaci\u00f3n: Cementerio Municipal de Olavarr\u00eda, viernes 9 de Mayo del 2025 a las 9.30hs. Servicio adherido a Coopelectric.<\/p>\n<p>Vecina del Barrio Microcentro<\/p>\n<p>Nacida en Olavarr\u00eda<\/p>\n<p>Actividad que desarrollaba: Jubilada<\/p>\n","protected":false},"excerpt":{"rendered":"<p>Falleci\u00f3 en Olavarr\u00eda el d\u00eda 8 de Mayo de 2025 a los 81 a\u00f1os de edad. Su hijo Gustavo Fissini.<\/p>\n","protected":false},"author":4,"featured_media":51544,"comment_status":"closed","ping_status":"closed","sticky":false,"template":"","format":"standard","meta":{"_jetpack_memberships_contains_paid_content":false,"footnotes":""},"categories":[10],"tags":[],"class_list":["post-170944","post","type-post","status-publish","format-standard","has-post-thumbnail","hentry","category-necrologicas"],"jetpack_featured_media_url":"https:\/\/i0.wp.com\/cdnoticias.com\/wp-content\/uploads\/2022\/04\/necrologicas-390-x-240.jpg?fit=390%2C240&ssl=1","jetpack_sharing_enabled":true,"_links":{"self":[{"href":"https:\/\/cdnoticias.com\/index.php\/wp-json\/wp\/v2\/posts\/170944","targetHints":{"allow":["GET"]}}],"collection":[{"href":"https:\/\/cdnoticias.com\/index.php\/wp-json\/wp\/v2\/posts"}],"about":[{"href":"https:\/\/cdnoticias.com\/index.php\/wp-json\/wp\/v2\/types\/post"}],"author":[{"embeddable":true,"href":"https:\/\/cdnoticias.com\/index.php\/wp-json\/wp\/v2\/users\/4"}],"replies":[{"embeddable":true,"href":"https:\/\/cdnoticias.com\/index.php\/wp-json\/wp\/v2\/comments?post=170944"}],"version-history":[{"count":0,"href":"https:\/\/cdnoticias.com\/index.php\/wp-json\/wp\/v2\/posts\/170944\/revisions"}],"wp:featuredmedia":[{"embeddable":true,"href":"https:\/\/cdnoticias.com\/index.php\/wp-json\/wp\/v2\/media\/51544"}],"wp:attachment":[{"href":"https:\/\/cdnoticias.com\/index.php\/wp-json\/wp\/v2\/media?parent=170944"}],"wp:term":[{"taxonomy":"category","embeddable":true,"href":"https:\/\/cdnoticias.com\/index.php\/wp-json\/wp\/v2\/categories?post=170944"},{"taxonomy":"post_tag","embeddable":true,"href":"https:\/\/cdnoticias.com\/index.php\/wp-json\/wp\/v2\/tags?post=170944"}],"curies":[{"name":"wp","href":"https:\/\/api.w.org\/{rel}","templated":true}]}}