{"id":170903,"date":"2025-05-08T16:31:41","date_gmt":"2025-05-08T19:31:41","guid":{"rendered":"https:\/\/cdnoticias.com\/?p=170903"},"modified":"2025-05-08T16:31:42","modified_gmt":"2025-05-08T19:31:42","slug":"defensa-al-consumidor-atendera-en-la-localidad-de-loma-negra","status":"publish","type":"post","link":"https:\/\/cdnoticias.com\/index.php\/2025\/05\/08\/defensa-al-consumidor-atendera-en-la-localidad-de-loma-negra\/","title":{"rendered":"Defensa al Consumidor atender\u00e1 en la localidad de Loma Negra"},"content":{"rendered":"\n<p>Ser\u00e1 el viernes 9 en la Delegaci\u00f3n Municipal de Loma Negra, ubicada en 1\u00ba de Mayo 1448.<\/p>\n\n\n\n<hr class=\"wp-block-separator aligncenter has-alpha-channel-opacity\"\/>\n\n\n\n<p>El equipo de la <strong>Direcci\u00f3n de Defensa al Consumidor y Asuntos Vecinales <\/strong>contin\u00faa con el <strong>programa itinerante de visitas a localidades<\/strong> del Partido de Olavarr\u00eda.<\/p>\n\n\n\n<p><\/p>\n\n\n\n<p>Desde el \u00e1rea se anunci\u00f3 que la pr\u00f3xima fecha del cronograma ser\u00e1 el d\u00eda<strong> viernes 9 de mayo, de 9:00 a 10:30 horas<\/strong>, en la sede de la <strong>Delegaci\u00f3n Municipal de Loma Negra, <\/strong>ubicada en 1\u00ba de Mayo 1448.<\/p>\n\n\n\n<p><\/p>\n\n\n\n<blockquote class=\"wp-block-quote is-layout-flow wp-block-quote-is-layout-flow\">\n<p>El programa tiene por objetivo facilitar tr\u00e1mites y brindar asesoramiento a la comunidad, en todo lo referido a denuncias en materia de defensa al consumidor o solicitudes de mediaciones vecinales.<\/p>\n<\/blockquote>\n\n\n\n<p><\/p>\n\n\n\n<p>El servicio consiste en brindar informaci\u00f3n y asesoramiento en cuestiones vinculadas con l<strong>a defensa de los derechos del consumidor, <\/strong>lo cual comprende tanto a personas f\u00edsicas como jur\u00eddicas, que adquieren bienes o servicios para consumo.<\/p>\n\n\n\n<p><\/p>\n\n\n\n<p>Defensa del Consumidor puede actuar en casos en los que<strong> la compra del producto o servicio se realiz\u00f3 dentro de los l\u00edmites del Partido de Olavarr\u00eda<\/strong>, ya sea en forma domiciliaria, internet, en forma telef\u00f3nica o puerta a puerta. Tambi\u00e9n abarca, por ejemplo, incumplimientos de contratos, ofertas, baja de servicio, cambio de producto o tipo de servicio, d\u00e9bito indebido, anulaci\u00f3n de compra, error de facturaci\u00f3n, fallas en la calidad de productos o servicios, extrav\u00edo de encomienda, mala atenci\u00f3n entre otros.<\/p>\n\n\n\n<p><\/p>\n\n\n\n<p>En tanto que desde el <strong>\u00e1rea de Relaciones Vecinales <\/strong>se hace hincapi\u00e9 en la importancia de la <strong>mediaci\u00f3n comunitaria <\/strong>para promover reflexiones sobre la forma de relaci\u00f3n habitual y la importancia del di\u00e1logo constructivo para una sana convivencia entre vecinos.\u00a0<\/p>\n\n\n\n<p><\/p>\n\n\n\n<p>En el servicio de Mediaci\u00f3n Comunitaria se tratan por ejemplo temas como: <strong>desavenencias por filtraciones, medianeras, \u00e1rboles, ruidos molestos y de convivencia en general.<\/strong><\/p>\n","protected":false},"excerpt":{"rendered":"<p>Ser\u00e1 el viernes 9 en la Delegaci\u00f3n Municipal de Loma Negra, ubicada en 1\u00ba de Mayo 1448. El equipo de<\/p>\n","protected":false},"author":6,"featured_media":76571,"comment_status":"closed","ping_status":"closed","sticky":false,"template":"","format":"standard","meta":{"_jetpack_memberships_contains_paid_content":false,"footnotes":""},"categories":[5,1],"tags":[],"class_list":["post-170903","post","type-post","status-publish","format-standard","has-post-thumbnail","hentry","category-informacion-general","category-portada"],"jetpack_featured_media_url":"https:\/\/i0.wp.com\/cdnoticias.com\/wp-content\/uploads\/2023\/02\/lomanegra.jpg?fit=800%2C445&ssl=1","jetpack_sharing_enabled":true,"_links":{"self":[{"href":"https:\/\/cdnoticias.com\/index.php\/wp-json\/wp\/v2\/posts\/170903","targetHints":{"allow":["GET"]}}],"collection":[{"href":"https:\/\/cdnoticias.com\/index.php\/wp-json\/wp\/v2\/posts"}],"about":[{"href":"https:\/\/cdnoticias.com\/index.php\/wp-json\/wp\/v2\/types\/post"}],"author":[{"embeddable":true,"href":"https:\/\/cdnoticias.com\/index.php\/wp-json\/wp\/v2\/users\/6"}],"replies":[{"embeddable":true,"href":"https:\/\/cdnoticias.com\/index.php\/wp-json\/wp\/v2\/comments?post=170903"}],"version-history":[{"count":0,"href":"https:\/\/cdnoticias.com\/index.php\/wp-json\/wp\/v2\/posts\/170903\/revisions"}],"wp:featuredmedia":[{"embeddable":true,"href":"https:\/\/cdnoticias.com\/index.php\/wp-json\/wp\/v2\/media\/76571"}],"wp:attachment":[{"href":"https:\/\/cdnoticias.com\/index.php\/wp-json\/wp\/v2\/media?parent=170903"}],"wp:term":[{"taxonomy":"category","embeddable":true,"href":"https:\/\/cdnoticias.com\/index.php\/wp-json\/wp\/v2\/categories?post=170903"},{"taxonomy":"post_tag","embeddable":true,"href":"https:\/\/cdnoticias.com\/index.php\/wp-json\/wp\/v2\/tags?post=170903"}],"curies":[{"name":"wp","href":"https:\/\/api.w.org\/{rel}","templated":true}]}}