{"id":170899,"date":"2025-05-07T18:52:16","date_gmt":"2025-05-07T21:52:16","guid":{"rendered":"https:\/\/cdnoticias.com\/?p=170899"},"modified":"2025-05-07T19:50:41","modified_gmt":"2025-05-07T22:50:41","slug":"vemos-un-municipio-que-no-responde-al-crecimiento-de-la-inseguridad-en-olavarria","status":"publish","type":"post","link":"https:\/\/cdnoticias.com\/index.php\/2025\/05\/07\/vemos-un-municipio-que-no-responde-al-crecimiento-de-la-inseguridad-en-olavarria\/","title":{"rendered":"\u00a0&#8220;Vemos un Municipio que no responde al crecimiento de la inseguridad en Olavarr\u00eda&#8221;"},"content":{"rendered":"\n<p>La UCR manifest\u00f3 su preocupaci\u00f3n ante la creciente ola de inseguridad. Adem\u00e1s, hicieron hincapi\u00e9 en las iniciativas presentadas en el HCD y que nunca se han implementado.&nbsp;<\/p>\n\n\n\n<hr class=\"wp-block-separator aligncenter has-alpha-channel-opacity\"\/>\n\n\n\n<p>La <strong>Uni\u00f3n C\u00edvica Radical d<\/strong>e Olavarr\u00eda<strong> manifest\u00f3 su preocupaci\u00f3n ante la creciente ola de inseguridad<\/strong> en la ciudad y sus localidades.\u00a0<\/p>\n\n\n\n<p><\/p>\n\n\n\n<p>Desde el espacio, se\u00f1alaron que &#8220;es inquietante la situaci\u00f3n por la que se encuentra atravesando el Partido y que<strong> se ve reflejado todos los d\u00edas a trav\u00e9s de los medios de comunicaci\u00f3n y de los diferentes reclamos de los vecinos y vecinas<\/strong>, que ya est\u00e1n cansados de vivir estos hechos&#8221;. <\/p>\n\n\n\n<p><\/p>\n\n\n\n<p>A su vez, hicieron hincapi\u00e9 en las <strong>diferentes iniciativas y propuestas que el bloque de concejales ha presentado a lo largo de los \u00faltimos a\u00f1os<\/strong> en materia de seguridad, y que hasta el momento <strong>ninguna gesti\u00f3n municipal ha implementado<\/strong>.<\/p>\n\n\n\n<p><\/p>\n\n\n\n<blockquote class=\"wp-block-quote is-layout-flow wp-block-quote-is-layout-flow\">\n<p>Al respecto, desde el espacio expresaron que \u201cla inseguridad ha crecido notablemente en nuestra ciudad, con un Municipio y una Provincia que no dan respuestas\u201d.\u00a0<\/p>\n<\/blockquote>\n\n\n\n<p><\/p>\n\n\n\n<p><em>\u201cEn los \u00faltimos a\u00f1os hemos presentado una importante cantidad de proyectos en esta materia, pero ninguno de las gestiones municipales ha tomado nota de estas iniciativas\u201d, <\/em>agregaron.<\/p>\n\n\n\n<p><\/p>\n\n\n\n<p>Por \u00faltimo, afirmaron que \u201c<strong><em>el radicalismo seguir\u00e1 trabajando para aportar ideas y soluciones ante la incapacidad de las diferentes gestiones municipales de solucionar los problemas de la comunidad\u201d.<\/em><\/strong><\/p>\n\n\n\n<p><\/p>\n\n\n\n<p><strong>Entre los proyectos presentados y aprobados se encuentran:\u00a0<\/strong><\/p>\n\n\n\n<ul class=\"wp-block-list\">\n<li>Pedido al Ministerio de Seguridad de la Provincia solicitando la elaboraci\u00f3n de un nuevo mapa del delito.<\/li>\n\n\n\n<li>Ordenanza para el Registro Municipal de C\u00e1maras de Seguridad para incorporar c\u00e1maras privadas al Servicio de Monitoreo.<\/li>\n\n\n\n<li>Resoluci\u00f3n para la creaci\u00f3n del Anillo Digital.<\/li>\n\n\n\n<li>Pedido de instalaci\u00f3n de t\u00f3tems de registro de patentes vehiculares en accesos a la ciudad.<\/li>\n\n\n\n<li>Ordenanza para la creaci\u00f3n del Bot\u00f3n de Alerta en dispositivos m\u00f3viles.<\/li>\n\n\n\n<li>Resoluci\u00f3n para la creaci\u00f3n del Corredor Seguro.<\/li>\n\n\n\n<li>Ordenanza para controlar la comercializaci\u00f3n y trazabilidad de la compra y venta de materiales ferrosos (robo de cables).<\/li>\n\n\n\n<li>Diversos expedientes iniciados referidos a situaciones de abigeato.<\/li>\n\n\n\n<li>Solicitud de reparaci\u00f3n de alumbrado p\u00fablico en distintos barrios de la ciudad.<\/li>\n\n\n\n<li>Ordenanza sobre protocolo de actuaci\u00f3n ante hechos de acoso o violencia en locales nocturnos.<\/li>\n<\/ul>\n","protected":false},"excerpt":{"rendered":"<p>La UCR manifest\u00f3 su preocupaci\u00f3n ante la creciente ola de inseguridad. Adem\u00e1s, hicieron hincapi\u00e9 en las iniciativas presentadas en el<\/p>\n","protected":false},"author":6,"featured_media":170900,"comment_status":"closed","ping_status":"closed","sticky":false,"template":"","format":"standard","meta":{"_jetpack_memberships_contains_paid_content":false,"footnotes":""},"categories":[4,1],"tags":[],"class_list":["post-170899","post","type-post","status-publish","format-standard","has-post-thumbnail","hentry","category-politica","category-portada"],"jetpack_featured_media_url":"https:\/\/i0.wp.com\/cdnoticias.com\/wp-content\/uploads\/2025\/05\/vergel-gonzalez-matrella.png?fit=720%2C394&ssl=1","jetpack_sharing_enabled":true,"_links":{"self":[{"href":"https:\/\/cdnoticias.com\/index.php\/wp-json\/wp\/v2\/posts\/170899","targetHints":{"allow":["GET"]}}],"collection":[{"href":"https:\/\/cdnoticias.com\/index.php\/wp-json\/wp\/v2\/posts"}],"about":[{"href":"https:\/\/cdnoticias.com\/index.php\/wp-json\/wp\/v2\/types\/post"}],"author":[{"embeddable":true,"href":"https:\/\/cdnoticias.com\/index.php\/wp-json\/wp\/v2\/users\/6"}],"replies":[{"embeddable":true,"href":"https:\/\/cdnoticias.com\/index.php\/wp-json\/wp\/v2\/comments?post=170899"}],"version-history":[{"count":0,"href":"https:\/\/cdnoticias.com\/index.php\/wp-json\/wp\/v2\/posts\/170899\/revisions"}],"wp:featuredmedia":[{"embeddable":true,"href":"https:\/\/cdnoticias.com\/index.php\/wp-json\/wp\/v2\/media\/170900"}],"wp:attachment":[{"href":"https:\/\/cdnoticias.com\/index.php\/wp-json\/wp\/v2\/media?parent=170899"}],"wp:term":[{"taxonomy":"category","embeddable":true,"href":"https:\/\/cdnoticias.com\/index.php\/wp-json\/wp\/v2\/categories?post=170899"},{"taxonomy":"post_tag","embeddable":true,"href":"https:\/\/cdnoticias.com\/index.php\/wp-json\/wp\/v2\/tags?post=170899"}],"curies":[{"name":"wp","href":"https:\/\/api.w.org\/{rel}","templated":true}]}}