{"id":170897,"date":"2025-05-08T16:22:28","date_gmt":"2025-05-08T19:22:28","guid":{"rendered":"https:\/\/cdnoticias.com\/?p=170897"},"modified":"2025-05-08T16:22:30","modified_gmt":"2025-05-08T19:22:30","slug":"formacion-de-educadores-y-educadoras-populares-en-olavarria","status":"publish","type":"post","link":"https:\/\/cdnoticias.com\/index.php\/2025\/05\/08\/formacion-de-educadores-y-educadoras-populares-en-olavarria\/","title":{"rendered":"Formaci\u00f3n de educadores y educadoras populares en Olavarr\u00eda"},"content":{"rendered":"\n<p>El s\u00e1bado 12 de mayo se llevar\u00e1 a cabo el primer encuentro en el Centro Cultural Universitario.<\/p>\n\n\n\n<hr class=\"wp-block-separator aligncenter has-alpha-channel-opacity\"\/>\n\n\n\n<p>El pr\u00f3ximo s\u00e1bado se llevar\u00e1 a cabo el <strong>primer encuentro de formaci\u00f3n de educadores y educadoras populares <\/strong>en nuestra ciudad.\u00a0<\/p>\n\n\n\n<p><\/p>\n\n\n\n<p>Ser\u00e1 en el <strong>Centro Cultural Universitario<\/strong> (San Mart\u00edn 1955) donde habr\u00e1 <strong>talleres coordinados por el Equipo de Educaci\u00f3n Popular Pa\u00f1uelos en Rebeld\u00eda<\/strong>, un equipo de m\u00e1s de 20 a\u00f1os de trabajo junto a movimientos y organizaciones sociales del pa\u00eds y de Am\u00e9rica Latina.\u00a0<\/p>\n\n\n\n<p><\/p>\n\n\n\n<blockquote class=\"wp-block-quote is-layout-flow wp-block-quote-is-layout-flow\">\n<p>Los talleres est\u00e1n destinados a educadores y educadoras populares que realicen pr\u00e1cticas en diversos espacios educativos -sociales, culturales, barriales, comunitarios, movimientos sociales, etc. Los encuentros ser\u00e1n de mayo a noviembre, los segundos s\u00e1bados de cada mes y no tienen costo.<\/p>\n<\/blockquote>\n\n\n\n<p><\/p>\n\n\n\n<p>La propuesta es impulsada por el Equipo de Educaci\u00f3n Popular Pa\u00f1uelos en Rebeld\u00eda y el Centro de Estudiantes Paulo Freire del Instituto Superior de Formaci\u00f3n Docente N\u00ba 22. Para inscribirse o para cualquier consulta comunicarse a: edpoptandil@gmail.com<\/p>\n","protected":false},"excerpt":{"rendered":"<p>El s\u00e1bado 12 de mayo se llevar\u00e1 a cabo el primer encuentro en el Centro Cultural Universitario. El pr\u00f3ximo s\u00e1bado<\/p>\n","protected":false},"author":6,"featured_media":81938,"comment_status":"closed","ping_status":"closed","sticky":false,"template":"","format":"standard","meta":{"_jetpack_memberships_contains_paid_content":false,"footnotes":""},"categories":[5,1],"tags":[],"class_list":["post-170897","post","type-post","status-publish","format-standard","has-post-thumbnail","hentry","category-informacion-general","category-portada"],"jetpack_featured_media_url":"https:\/\/i0.wp.com\/cdnoticias.com\/wp-content\/uploads\/2023\/04\/Centro-Cultural-Universitario-1.jpg?fit=1280%2C712&ssl=1","jetpack_sharing_enabled":true,"_links":{"self":[{"href":"https:\/\/cdnoticias.com\/index.php\/wp-json\/wp\/v2\/posts\/170897","targetHints":{"allow":["GET"]}}],"collection":[{"href":"https:\/\/cdnoticias.com\/index.php\/wp-json\/wp\/v2\/posts"}],"about":[{"href":"https:\/\/cdnoticias.com\/index.php\/wp-json\/wp\/v2\/types\/post"}],"author":[{"embeddable":true,"href":"https:\/\/cdnoticias.com\/index.php\/wp-json\/wp\/v2\/users\/6"}],"replies":[{"embeddable":true,"href":"https:\/\/cdnoticias.com\/index.php\/wp-json\/wp\/v2\/comments?post=170897"}],"version-history":[{"count":0,"href":"https:\/\/cdnoticias.com\/index.php\/wp-json\/wp\/v2\/posts\/170897\/revisions"}],"wp:featuredmedia":[{"embeddable":true,"href":"https:\/\/cdnoticias.com\/index.php\/wp-json\/wp\/v2\/media\/81938"}],"wp:attachment":[{"href":"https:\/\/cdnoticias.com\/index.php\/wp-json\/wp\/v2\/media?parent=170897"}],"wp:term":[{"taxonomy":"category","embeddable":true,"href":"https:\/\/cdnoticias.com\/index.php\/wp-json\/wp\/v2\/categories?post=170897"},{"taxonomy":"post_tag","embeddable":true,"href":"https:\/\/cdnoticias.com\/index.php\/wp-json\/wp\/v2\/tags?post=170897"}],"curies":[{"name":"wp","href":"https:\/\/api.w.org\/{rel}","templated":true}]}}