{"id":170853,"date":"2025-05-07T08:11:08","date_gmt":"2025-05-07T11:11:08","guid":{"rendered":"https:\/\/cdnoticias.com\/?p=170853"},"modified":"2025-05-07T08:11:10","modified_gmt":"2025-05-07T11:11:10","slug":"raul-alberto-biganzoli-q-e-p-d","status":"publish","type":"post","link":"https:\/\/cdnoticias.com\/index.php\/2025\/05\/07\/raul-alberto-biganzoli-q-e-p-d\/","title":{"rendered":"Ra\u00fal Alberto Biganzoli (Q.E.P.D.)"},"content":{"rendered":"<p>Falleci\u00f3 en Olavarr\u00eda el d\u00eda 6 de Mayo de 2025 a los 82 a\u00f1os de edad.<\/p>\n<p>Sus hijos: Mar\u00eda Florencia, Ra\u00fal y Mariana; sus hijos pol\u00edticos: Walter Funes y Miguel Ruppel; sus nietos; su hermano; sus sobrinos y dem\u00e1s deudos participan su fallecimiento.<\/p>\n<p>Velatorio: Espa\u00f1a 2942, Departamento &#8220;D&#8221;. Mi\u00e9rcoles 7\/5 de 8 a 14:30 hs. Sin responso. Inhumaci\u00f3n: Cementerio Loma de Paz, mi\u00e9rcoles 7\/5 a las 14:30 hs. Servicio adherido a Coopelectric.<\/p>\n<p>Barrio en el que viv\u00eda: Microcentro<\/p>\n<p>Lugar de nacimiento: Olavarr\u00eda<\/p>\n<p>Actividad que desarrollaba: Martillero P\u00fablico Jubilado<\/p>\n","protected":false},"excerpt":{"rendered":"<p>Falleci\u00f3 en Olavarr\u00eda el d\u00eda 6 de Mayo de 2025 a los 82 a\u00f1os de edad. Sus hijos: Mar\u00eda Florencia,<\/p>\n","protected":false},"author":4,"featured_media":51544,"comment_status":"closed","ping_status":"closed","sticky":false,"template":"","format":"standard","meta":{"_jetpack_memberships_contains_paid_content":false,"footnotes":""},"categories":[10],"tags":[],"class_list":["post-170853","post","type-post","status-publish","format-standard","has-post-thumbnail","hentry","category-necrologicas"],"jetpack_featured_media_url":"https:\/\/i0.wp.com\/cdnoticias.com\/wp-content\/uploads\/2022\/04\/necrologicas-390-x-240.jpg?fit=390%2C240&ssl=1","jetpack_sharing_enabled":true,"_links":{"self":[{"href":"https:\/\/cdnoticias.com\/index.php\/wp-json\/wp\/v2\/posts\/170853","targetHints":{"allow":["GET"]}}],"collection":[{"href":"https:\/\/cdnoticias.com\/index.php\/wp-json\/wp\/v2\/posts"}],"about":[{"href":"https:\/\/cdnoticias.com\/index.php\/wp-json\/wp\/v2\/types\/post"}],"author":[{"embeddable":true,"href":"https:\/\/cdnoticias.com\/index.php\/wp-json\/wp\/v2\/users\/4"}],"replies":[{"embeddable":true,"href":"https:\/\/cdnoticias.com\/index.php\/wp-json\/wp\/v2\/comments?post=170853"}],"version-history":[{"count":0,"href":"https:\/\/cdnoticias.com\/index.php\/wp-json\/wp\/v2\/posts\/170853\/revisions"}],"wp:featuredmedia":[{"embeddable":true,"href":"https:\/\/cdnoticias.com\/index.php\/wp-json\/wp\/v2\/media\/51544"}],"wp:attachment":[{"href":"https:\/\/cdnoticias.com\/index.php\/wp-json\/wp\/v2\/media?parent=170853"}],"wp:term":[{"taxonomy":"category","embeddable":true,"href":"https:\/\/cdnoticias.com\/index.php\/wp-json\/wp\/v2\/categories?post=170853"},{"taxonomy":"post_tag","embeddable":true,"href":"https:\/\/cdnoticias.com\/index.php\/wp-json\/wp\/v2\/tags?post=170853"}],"curies":[{"name":"wp","href":"https:\/\/api.w.org\/{rel}","templated":true}]}}