{"id":170821,"date":"2025-05-06T18:30:38","date_gmt":"2025-05-06T21:30:38","guid":{"rendered":"https:\/\/cdnoticias.com\/?p=170821"},"modified":"2025-05-06T18:30:40","modified_gmt":"2025-05-06T21:30:40","slug":"este-miercoles-un-corte-de-luz-afectara-a-varias-localidades","status":"publish","type":"post","link":"https:\/\/cdnoticias.com\/index.php\/2025\/05\/06\/este-miercoles-un-corte-de-luz-afectara-a-varias-localidades\/","title":{"rendered":"Este mi\u00e9rcoles, un corte de luz afectar\u00e1 a varias localidades"},"content":{"rendered":"\n<p>Ser\u00e1 por tareas de mantenimiento desde las 8:30 hasta las 16:30 horas.&nbsp;<\/p>\n\n\n\n<hr class=\"wp-block-separator aligncenter has-alpha-channel-opacity\"\/>\n\n\n\n<p>Desde Coopelectric se inform\u00f3 que<strong> este mi\u00e9rcoles se program\u00f3 una interrupci\u00f3n en el servicio el\u00e9ctrico,<\/strong> que <strong>afectar\u00e1 a varias localidades del partido.<\/strong><\/p>\n\n\n\n<p><\/p>\n\n\n\n<blockquote class=\"wp-block-quote is-layout-flow wp-block-quote-is-layout-flow\">\n<p>Ser\u00e1 desde las 8:30 hasta las 16:30 y abarcar\u00e1 el denominado Sistema Santa Luisa, la Salida Dura\u00f1ona y el tramo hasta la antena de Claro.\u00a0<\/p>\n<\/blockquote>\n\n\n\n<p><\/p>\n\n\n\n<p>La interrupci\u00f3n es por <strong>tareas de mantenimiento <\/strong>y se pueden suspender en caso de condiciones clim\u00e1ticas adversas.<\/p>\n\n\n\n<p><\/p>\n","protected":false},"excerpt":{"rendered":"<p>Ser\u00e1 por tareas de mantenimiento desde las 8:30 hasta las 16:30 horas.&nbsp; Desde Coopelectric se inform\u00f3 que este mi\u00e9rcoles se<\/p>\n","protected":false},"author":6,"featured_media":100388,"comment_status":"closed","ping_status":"closed","sticky":false,"template":"","format":"standard","meta":{"_jetpack_memberships_contains_paid_content":false,"footnotes":""},"categories":[5,1],"tags":[],"class_list":["post-170821","post","type-post","status-publish","format-standard","has-post-thumbnail","hentry","category-informacion-general","category-portada"],"jetpack_featured_media_url":"https:\/\/i0.wp.com\/cdnoticias.com\/wp-content\/uploads\/2023\/10\/coopelectric-camion1.webp?fit=800%2C445&ssl=1","jetpack_sharing_enabled":true,"_links":{"self":[{"href":"https:\/\/cdnoticias.com\/index.php\/wp-json\/wp\/v2\/posts\/170821","targetHints":{"allow":["GET"]}}],"collection":[{"href":"https:\/\/cdnoticias.com\/index.php\/wp-json\/wp\/v2\/posts"}],"about":[{"href":"https:\/\/cdnoticias.com\/index.php\/wp-json\/wp\/v2\/types\/post"}],"author":[{"embeddable":true,"href":"https:\/\/cdnoticias.com\/index.php\/wp-json\/wp\/v2\/users\/6"}],"replies":[{"embeddable":true,"href":"https:\/\/cdnoticias.com\/index.php\/wp-json\/wp\/v2\/comments?post=170821"}],"version-history":[{"count":0,"href":"https:\/\/cdnoticias.com\/index.php\/wp-json\/wp\/v2\/posts\/170821\/revisions"}],"wp:featuredmedia":[{"embeddable":true,"href":"https:\/\/cdnoticias.com\/index.php\/wp-json\/wp\/v2\/media\/100388"}],"wp:attachment":[{"href":"https:\/\/cdnoticias.com\/index.php\/wp-json\/wp\/v2\/media?parent=170821"}],"wp:term":[{"taxonomy":"category","embeddable":true,"href":"https:\/\/cdnoticias.com\/index.php\/wp-json\/wp\/v2\/categories?post=170821"},{"taxonomy":"post_tag","embeddable":true,"href":"https:\/\/cdnoticias.com\/index.php\/wp-json\/wp\/v2\/tags?post=170821"}],"curies":[{"name":"wp","href":"https:\/\/api.w.org\/{rel}","templated":true}]}}