{"id":170808,"date":"2025-05-06T20:01:13","date_gmt":"2025-05-06T23:01:13","guid":{"rendered":"https:\/\/cdnoticias.com\/?p=170808"},"modified":"2025-05-06T20:01:15","modified_gmt":"2025-05-06T23:01:15","slug":"martin-endere-solicito-la-actualizacion-de-datos-del-observatorio-vial","status":"publish","type":"post","link":"https:\/\/cdnoticias.com\/index.php\/2025\/05\/06\/martin-endere-solicito-la-actualizacion-de-datos-del-observatorio-vial\/","title":{"rendered":"Mart\u00edn Endere solicit\u00f3 la actualizaci\u00f3n de datos del Observatorio Vial"},"content":{"rendered":"\n<p>La \u00faltima actualizaci\u00f3n de parte del gobierno provincial data de diciembre de 2020. \u201cEs clave la informaci\u00f3n que estamos solicitando para tener pleno conocimiento de cu\u00e1les son las rutas que se deben repavimentar o reparar con mayor prioridad que otras\u201d expres\u00f3 Endere.&nbsp;<\/p>\n\n\n\n<hr class=\"wp-block-separator aligncenter has-alpha-channel-opacity\"\/>\n\n\n\n<p>El <strong>diputado provincial Mart\u00edn Endere <\/strong>solicit\u00f3, a trav\u00e9s de un proyecto de declaraci\u00f3n, que <strong>se actualicen los datos del Observatorio Vial provincial,<\/strong> donde la \u00faltima estad\u00edstica publicada data del <strong>mes de diciembre de 2020.<\/strong><\/p>\n\n\n\n<p><\/p>\n\n\n\n<p><em>\u201cEs fundamental contar con un mapa actualizado, que no s\u00f3lo se refiera al estado de las rutas y caminos provinciales, sino tambi\u00e9n que los bonaerenses contemos con informaci\u00f3n actualizada donde se pueda chequear la siniestralidad de las mismas con estad\u00edsticas precisas, actuales, certeras y detalladas de los siniestros ocurridos en los distintos puntos de la Provincia de Buenos Aires\u201d,<\/em> explic\u00f3 Endere.<\/p>\n\n\n\n<p><\/p>\n\n\n\n<p><strong>\u201cAdem\u00e1s, es preciso saber tambi\u00e9n cu\u00e1l fue el n\u00famero de siniestralidad en calles para poder ejecutar pol\u00edticas de prevenci\u00f3n en materia de seguridad vial\u201d,<\/strong> agreg\u00f3.<\/p>\n\n\n\n<p><\/p>\n\n\n\n<blockquote class=\"wp-block-quote is-layout-flow wp-block-quote-is-layout-flow\">\n<p>En este sentido, el legislador indic\u00f3: \u201ces clave la informaci\u00f3n que estamos solicitando para tener pleno conocimiento de cu\u00e1les son las rutas que se deben repavimentar o reparar con mayor prioridad que otras. Contar con dicha informaci\u00f3n resulta preponderante a la hora de decidir d\u00f3nde realizar las intervenciones por parte del Ejecutivo\u201d.<\/p>\n<\/blockquote>\n\n\n\n<p><\/p>\n\n\n\n<p>\u201cActualmente las estad\u00edsticas publicadas en la Direcci\u00f3n Provincial de Observatorio Vial, <strong>comprenden el per\u00edodo 2017-2020, <\/strong>por lo que resulta absurdo manejarse con dicha informaci\u00f3n, sobre todo porque el \u00faltimo a\u00f1o de publicaci\u00f3n, es decir el 2020, es un a\u00f1o de pandemia que redujo notablemente la circulaci\u00f3n de veh\u00edculos y personas en la v\u00eda p\u00fablica\u201d, a\u00f1adi\u00f3 Mart\u00edn Endere.<\/p>\n\n\n\n<p><\/p>\n\n\n\n<p>Finalmente, el diputado olavarriense expres\u00f3: <strong><em>\u201cgobernar es gestionar y tambi\u00e9n es dar explicaciones y en este caso es grave que hayan pasado cinco a\u00f1os y los bonaerenses no contemos con informaci\u00f3n actualizada en una problem\u00e1tica tan sensible\u201d.<\/em><\/strong><\/p>\n\n\n\n<p><\/p>\n","protected":false},"excerpt":{"rendered":"<p>La \u00faltima actualizaci\u00f3n de parte del gobierno provincial data de diciembre de 2020. \u201cEs clave la informaci\u00f3n que estamos solicitando<\/p>\n","protected":false},"author":6,"featured_media":119287,"comment_status":"closed","ping_status":"closed","sticky":false,"template":"","format":"standard","meta":{"_jetpack_memberships_contains_paid_content":false,"footnotes":""},"categories":[4,1],"tags":[],"class_list":["post-170808","post","type-post","status-publish","format-standard","has-post-thumbnail","hentry","category-politica","category-portada"],"jetpack_featured_media_url":"https:\/\/i0.wp.com\/cdnoticias.com\/wp-content\/uploads\/2024\/06\/endere-martin.jpg?fit=800%2C445&ssl=1","jetpack_sharing_enabled":true,"_links":{"self":[{"href":"https:\/\/cdnoticias.com\/index.php\/wp-json\/wp\/v2\/posts\/170808","targetHints":{"allow":["GET"]}}],"collection":[{"href":"https:\/\/cdnoticias.com\/index.php\/wp-json\/wp\/v2\/posts"}],"about":[{"href":"https:\/\/cdnoticias.com\/index.php\/wp-json\/wp\/v2\/types\/post"}],"author":[{"embeddable":true,"href":"https:\/\/cdnoticias.com\/index.php\/wp-json\/wp\/v2\/users\/6"}],"replies":[{"embeddable":true,"href":"https:\/\/cdnoticias.com\/index.php\/wp-json\/wp\/v2\/comments?post=170808"}],"version-history":[{"count":0,"href":"https:\/\/cdnoticias.com\/index.php\/wp-json\/wp\/v2\/posts\/170808\/revisions"}],"wp:featuredmedia":[{"embeddable":true,"href":"https:\/\/cdnoticias.com\/index.php\/wp-json\/wp\/v2\/media\/119287"}],"wp:attachment":[{"href":"https:\/\/cdnoticias.com\/index.php\/wp-json\/wp\/v2\/media?parent=170808"}],"wp:term":[{"taxonomy":"category","embeddable":true,"href":"https:\/\/cdnoticias.com\/index.php\/wp-json\/wp\/v2\/categories?post=170808"},{"taxonomy":"post_tag","embeddable":true,"href":"https:\/\/cdnoticias.com\/index.php\/wp-json\/wp\/v2\/tags?post=170808"}],"curies":[{"name":"wp","href":"https:\/\/api.w.org\/{rel}","templated":true}]}}