{"id":170776,"date":"2025-05-06T10:06:14","date_gmt":"2025-05-06T13:06:14","guid":{"rendered":"https:\/\/cdnoticias.com\/?p=170776"},"modified":"2025-05-06T10:06:16","modified_gmt":"2025-05-06T13:06:16","slug":"en-una-carcel-de-sierra-chica-adiestraron-a-tres-perros-para-personas-con-discapacidad","status":"publish","type":"post","link":"https:\/\/cdnoticias.com\/index.php\/2025\/05\/06\/en-una-carcel-de-sierra-chica-adiestraron-a-tres-perros-para-personas-con-discapacidad\/","title":{"rendered":"En una c\u00e1rcel de Sierra Chica adiestraron a tres perros para personas con discapacidad"},"content":{"rendered":"<p>En el marco de un programa que combin\u00f3 capacitaci\u00f3n y solidaridad, personas privadas de la libertad de una c\u00e1rcel de Sierra Chica finalizaron el adiestramiento de perros de asistencia tras un periodo de dos a\u00f1os.<!--more--><\/p>\n<hr \/>\n<p>En una experiencia que cont\u00f3 con el acompa\u00f1amiento del Ministerio de Justicia y Derechos Humanos de la provincia de Buenos Aires, a cargo de Juan Mart\u00edn Mena, y con el aval del gobernador Axel Kicillof, <strong>internos de la Unidad 27 del Servicio Penitenciario Bonaerense (SPB) concluyeron el entrenamiento de L\u00edo, Tinto y Cabsha<\/strong>.<\/p>\n<p>Hace dos a\u00f1os, <strong>doce hombres alojados en la dependencia carcelaria<\/strong>, en coordinaci\u00f3n con <strong>agentes penitenciarios<\/strong> y con la <strong>asociaci\u00f3n civil Bocal\u00e1n Argentina<\/strong>, iniciaron el <strong>proceso de adiestrar a los tres perros labradores<\/strong> para poder <strong>asistir a personas con capacidades diferentes<\/strong>.<\/p>\n<p><img data-recalc-dims=\"1\" loading=\"lazy\" decoding=\"async\" class=\"alignnone size-full wp-image-170778 aligncenter\" src=\"https:\/\/i0.wp.com\/cdnoticias.com\/wp-content\/uploads\/2025\/05\/Perros-adiestrados-unidad-27-sierra-chica-3.jpeg?resize=600%2C479&#038;ssl=1\" alt=\"\" width=\"600\" height=\"479\" srcset=\"https:\/\/i0.wp.com\/cdnoticias.com\/wp-content\/uploads\/2025\/05\/Perros-adiestrados-unidad-27-sierra-chica-3.jpeg?w=600&amp;ssl=1 600w, https:\/\/i0.wp.com\/cdnoticias.com\/wp-content\/uploads\/2025\/05\/Perros-adiestrados-unidad-27-sierra-chica-3.jpeg?resize=300%2C240&amp;ssl=1 300w\" sizes=\"auto, (max-width: 600px) 100vw, 600px\" \/><\/p>\n<p>Quienes estuvieron a cargo de la instrucci\u00f3n de los canes recibieron <strong>certificados como adiestradores<\/strong> y, sin dudas, el \u00e9xito de la experiencia radic\u00f3 en el trabajo conjunto que cont\u00f3 con el apoyo de la Direcci\u00f3n de la Unidad 27 y de la jefatura del Complejo Penitenciario Centro Zona Sur.<\/p>\n<blockquote><p>D\u00edas atr\u00e1s, en la Unidad 27, L\u00edo, Tinto y Cabsha fueron entregados a la directora y fundadora de la organizaci\u00f3n Bocal\u00e1n Argentina, Margarita Ziade, que estuvo acompa\u00f1ada por la instructora de perros de asistencia, Fernanda L\u00f3pez Ayala.<\/p><\/blockquote>\n<p>Cabe mencionar que este Programa de Capacitaci\u00f3n de Adiestradores de Perros de Asistencia destinado a personas privadas de la libertad <strong>se lleva a cabo en el Servicio Penitenciario Bonaerense (SPB) desde enero del 2022<\/strong>, en cooperaci\u00f3n con la Asociaci\u00f3n Civil Bocal\u00e1n Argentina, e incluye a las <strong>unidades 48 San Mart\u00edn y 27 Sierra Chica<\/strong>.<\/p>\n<p><img data-recalc-dims=\"1\" loading=\"lazy\" decoding=\"async\" class=\"alignnone size-full wp-image-170777 aligncenter\" src=\"https:\/\/i0.wp.com\/cdnoticias.com\/wp-content\/uploads\/2025\/05\/Perros-adiestrados-unidad-27-sierra-chica-2.jpeg?resize=600%2C348&#038;ssl=1\" alt=\"\" width=\"600\" height=\"348\" srcset=\"https:\/\/i0.wp.com\/cdnoticias.com\/wp-content\/uploads\/2025\/05\/Perros-adiestrados-unidad-27-sierra-chica-2.jpeg?w=600&amp;ssl=1 600w, https:\/\/i0.wp.com\/cdnoticias.com\/wp-content\/uploads\/2025\/05\/Perros-adiestrados-unidad-27-sierra-chica-2.jpeg?resize=300%2C174&amp;ssl=1 300w\" sizes=\"auto, (max-width: 600px) 100vw, 600px\" \/><\/p>\n","protected":false},"excerpt":{"rendered":"<p>En el marco de un programa que combin\u00f3 capacitaci\u00f3n y solidaridad, personas privadas de la libertad de una c\u00e1rcel de<\/p>\n","protected":false},"author":4,"featured_media":170779,"comment_status":"closed","ping_status":"closed","sticky":false,"template":"","format":"standard","meta":{"_jetpack_memberships_contains_paid_content":false,"footnotes":""},"categories":[5,1],"tags":[],"class_list":["post-170776","post","type-post","status-publish","format-standard","has-post-thumbnail","hentry","category-informacion-general","category-portada"],"jetpack_featured_media_url":"https:\/\/i0.wp.com\/cdnoticias.com\/wp-content\/uploads\/2025\/05\/Perros-adiestrados-unidad-27-sierra-chica-1.jpeg?fit=800%2C445&ssl=1","jetpack_sharing_enabled":true,"_links":{"self":[{"href":"https:\/\/cdnoticias.com\/index.php\/wp-json\/wp\/v2\/posts\/170776","targetHints":{"allow":["GET"]}}],"collection":[{"href":"https:\/\/cdnoticias.com\/index.php\/wp-json\/wp\/v2\/posts"}],"about":[{"href":"https:\/\/cdnoticias.com\/index.php\/wp-json\/wp\/v2\/types\/post"}],"author":[{"embeddable":true,"href":"https:\/\/cdnoticias.com\/index.php\/wp-json\/wp\/v2\/users\/4"}],"replies":[{"embeddable":true,"href":"https:\/\/cdnoticias.com\/index.php\/wp-json\/wp\/v2\/comments?post=170776"}],"version-history":[{"count":0,"href":"https:\/\/cdnoticias.com\/index.php\/wp-json\/wp\/v2\/posts\/170776\/revisions"}],"wp:featuredmedia":[{"embeddable":true,"href":"https:\/\/cdnoticias.com\/index.php\/wp-json\/wp\/v2\/media\/170779"}],"wp:attachment":[{"href":"https:\/\/cdnoticias.com\/index.php\/wp-json\/wp\/v2\/media?parent=170776"}],"wp:term":[{"taxonomy":"category","embeddable":true,"href":"https:\/\/cdnoticias.com\/index.php\/wp-json\/wp\/v2\/categories?post=170776"},{"taxonomy":"post_tag","embeddable":true,"href":"https:\/\/cdnoticias.com\/index.php\/wp-json\/wp\/v2\/tags?post=170776"}],"curies":[{"name":"wp","href":"https:\/\/api.w.org\/{rel}","templated":true}]}}