{"id":170699,"date":"2025-05-07T17:07:56","date_gmt":"2025-05-07T20:07:56","guid":{"rendered":"https:\/\/cdnoticias.com\/?p=170699"},"modified":"2025-05-07T17:07:57","modified_gmt":"2025-05-07T20:07:57","slug":"taller-de-escritura-creativa-en-la-biblioteca-popular-armando-collinet","status":"publish","type":"post","link":"https:\/\/cdnoticias.com\/index.php\/2025\/05\/07\/taller-de-escritura-creativa-en-la-biblioteca-popular-armando-collinet\/","title":{"rendered":"Taller de escritura creativa en la Biblioteca Popular Armando Collinet"},"content":{"rendered":"\n<p>La propuesta estar\u00e1 a cargo del escritor Diego Javier Rojas y ser\u00e1 destinada a adultos mayores de 18 a\u00f1os. Inicia a mediados de mayo.&nbsp;<\/p>\n\n\n\n<hr class=\"wp-block-separator aligncenter has-alpha-channel-opacity\"\/>\n\n\n\n<p>La<strong> Biblioteca Popular Armando Collinet <\/strong>brindar\u00e1 un <strong>taller de escritura creativa<\/strong> que ser\u00e1 coordinado por el <strong>escritor Diego Javier Rojas<\/strong> y comenzar\u00e1 a mediados de mayo.\u00a0<\/p>\n\n\n\n<p><\/p>\n\n\n\n<p><em>\u201cEscribir es un arte y un oficio y ambos se pueden aprender. Escribir, escribiendo y el oficio, con la pr\u00e1ctica\u201d,<\/em> sostuvo Diego Javier Rojas acerca del taller que estar\u00e1 <strong>destinada a adultos mayores de 18 a\u00f1os<\/strong> que \u201c<strong>tengan el deseo de escribir y disfruten del proceso de escritura<\/strong>\u201d, a\u00f1adi\u00f3 el escritor.<\/p>\n\n\n\n<p><\/p>\n\n\n\n<blockquote class=\"wp-block-quote is-layout-flow wp-block-quote-is-layout-flow\">\n<p>El taller contar\u00e1 con dos grupos, uno se realizar\u00e1 los mi\u00e9rcoles de 18:30 a 20 horas; mientras que el otro ser\u00e1 los d\u00edas jueves de 9 a 10:30 de la ma\u00f1ana. La inscripci\u00f3n se encuentra abierta y se puede realizar de manera presencial o por tel\u00e9fono.<\/p>\n<\/blockquote>\n\n\n\n<p><\/p>\n\n\n\n<p>Para obtener m\u00e1s informaci\u00f3n o para efectuar la inscripci\u00f3n, las personas interesadas podr\u00e1n acercarse a la Biblioteca (Alsina 2659) de lunes a viernes de 9 a 12 y de 14 a 18 horas, o comunicarse a los siguientes medios: WhatsApp: 2284 545589; Facebook: Biblioteca Popular Armando Collinet; Instagram: biblioarmandocollinet; Correo electr\u00f3nico: biblioarmandocollinet@hotmail.com.<\/p>\n\n\n\n<p><\/p>\n","protected":false},"excerpt":{"rendered":"<p>La propuesta estar\u00e1 a cargo del escritor Diego Javier Rojas y ser\u00e1 destinada a adultos mayores de 18 a\u00f1os. Inicia<\/p>\n","protected":false},"author":6,"featured_media":115700,"comment_status":"closed","ping_status":"closed","sticky":false,"template":"","format":"standard","meta":{"_jetpack_memberships_contains_paid_content":false,"footnotes":""},"categories":[9,1],"tags":[],"class_list":["post-170699","post","type-post","status-publish","format-standard","has-post-thumbnail","hentry","category-cultura","category-portada"],"jetpack_featured_media_url":"https:\/\/i0.wp.com\/cdnoticias.com\/wp-content\/uploads\/2024\/05\/Biblioteca-Popular-Armando-Collinet.jpeg?fit=800%2C450&ssl=1","jetpack_sharing_enabled":true,"_links":{"self":[{"href":"https:\/\/cdnoticias.com\/index.php\/wp-json\/wp\/v2\/posts\/170699","targetHints":{"allow":["GET"]}}],"collection":[{"href":"https:\/\/cdnoticias.com\/index.php\/wp-json\/wp\/v2\/posts"}],"about":[{"href":"https:\/\/cdnoticias.com\/index.php\/wp-json\/wp\/v2\/types\/post"}],"author":[{"embeddable":true,"href":"https:\/\/cdnoticias.com\/index.php\/wp-json\/wp\/v2\/users\/6"}],"replies":[{"embeddable":true,"href":"https:\/\/cdnoticias.com\/index.php\/wp-json\/wp\/v2\/comments?post=170699"}],"version-history":[{"count":0,"href":"https:\/\/cdnoticias.com\/index.php\/wp-json\/wp\/v2\/posts\/170699\/revisions"}],"wp:featuredmedia":[{"embeddable":true,"href":"https:\/\/cdnoticias.com\/index.php\/wp-json\/wp\/v2\/media\/115700"}],"wp:attachment":[{"href":"https:\/\/cdnoticias.com\/index.php\/wp-json\/wp\/v2\/media?parent=170699"}],"wp:term":[{"taxonomy":"category","embeddable":true,"href":"https:\/\/cdnoticias.com\/index.php\/wp-json\/wp\/v2\/categories?post=170699"},{"taxonomy":"post_tag","embeddable":true,"href":"https:\/\/cdnoticias.com\/index.php\/wp-json\/wp\/v2\/tags?post=170699"}],"curies":[{"name":"wp","href":"https:\/\/api.w.org\/{rel}","templated":true}]}}