{"id":170670,"date":"2025-05-05T13:24:34","date_gmt":"2025-05-05T16:24:34","guid":{"rendered":"https:\/\/cdnoticias.com\/?p=170670"},"modified":"2025-05-05T18:01:16","modified_gmt":"2025-05-05T21:01:16","slug":"incendio-en-barrio-facundo-quiroga-ii-una-mujer-fue-trasladada-al-hospital","status":"publish","type":"post","link":"https:\/\/cdnoticias.com\/index.php\/2025\/05\/05\/incendio-en-barrio-facundo-quiroga-ii-una-mujer-fue-trasladada-al-hospital\/","title":{"rendered":"Incendio en barrio Facundo Quiroga II: una mujer fue trasladada al Hospital"},"content":{"rendered":"<p>Adem\u00e1s, tres ni\u00f1os recibieron atenci\u00f3n m\u00e9dica. Dos Unidades de Bomberos concurrieron a la vivienda donde el fuego alcanz\u00f3 a una habitaci\u00f3n.<!--more--><\/p>\n<hr \/>\n<p><strong>Un incendio se declar\u00f3 en una vivienda de barrio Facundo Quiroga II<\/strong> este lunes donde <strong>una mujer y tres ni\u00f1os<\/strong> resultaron afectados. La mujer <strong>fue derivada al Hospital Municipal<\/strong>.<\/p>\n<p>Hasta <strong>una vivienda de Leloir al 400, casi calle 14<\/strong>, concurrieron <strong>dos unidades de Bomberos al mediod\u00eda<\/strong>. Primero <strong>se present\u00f3 la Unidad 16<\/strong> y luego, en apoyo, <strong>asisti\u00f3 la Unidad 26 cisterna<\/strong> que trabaj\u00f3 <strong>hasta alrededor de las 13<\/strong>.<\/p>\n<p><img data-recalc-dims=\"1\" loading=\"lazy\" decoding=\"async\" class=\"alignnone size-full wp-image-170672 aligncenter\" src=\"https:\/\/i0.wp.com\/cdnoticias.com\/wp-content\/uploads\/2025\/05\/incendio-leloir-01.jpg?resize=800%2C445&#038;ssl=1\" alt=\"\" width=\"800\" height=\"445\" srcset=\"https:\/\/i0.wp.com\/cdnoticias.com\/wp-content\/uploads\/2025\/05\/incendio-leloir-01.jpg?w=1000&amp;ssl=1 1000w, https:\/\/i0.wp.com\/cdnoticias.com\/wp-content\/uploads\/2025\/05\/incendio-leloir-01.jpg?resize=300%2C167&amp;ssl=1 300w, https:\/\/i0.wp.com\/cdnoticias.com\/wp-content\/uploads\/2025\/05\/incendio-leloir-01.jpg?resize=768%2C427&amp;ssl=1 768w, https:\/\/i0.wp.com\/cdnoticias.com\/wp-content\/uploads\/2025\/05\/incendio-leloir-01.jpg?resize=800%2C445&amp;ssl=1 800w\" sizes=\"auto, (max-width: 800px) 100vw, 800px\" \/><\/p>\n<p><strong>El foco \u00edgneo se declar\u00f3 en una habitaci\u00f3n de la casa<\/strong> y, seg\u00fan se explic\u00f3 en el lugar, <strong>se extendi\u00f3 por las prendas de vestir<\/strong> para afectar totalmente el sector y <strong>expandirse por el techo<\/strong>.<\/p>\n<p>Los voluntarios <strong>trabajaron no s\u00f3lo en contener el fuego<\/strong> sino, posteriormente, <strong>en enfriar la propiedad<\/strong>.<\/p>\n<p><img data-recalc-dims=\"1\" loading=\"lazy\" decoding=\"async\" class=\"alignnone size-full wp-image-170674 aligncenter\" src=\"https:\/\/i0.wp.com\/cdnoticias.com\/wp-content\/uploads\/2025\/05\/incendio-leloir-03.jpg?resize=800%2C445&#038;ssl=1\" alt=\"\" width=\"800\" height=\"445\" srcset=\"https:\/\/i0.wp.com\/cdnoticias.com\/wp-content\/uploads\/2025\/05\/incendio-leloir-03.jpg?w=1000&amp;ssl=1 1000w, https:\/\/i0.wp.com\/cdnoticias.com\/wp-content\/uploads\/2025\/05\/incendio-leloir-03.jpg?resize=300%2C167&amp;ssl=1 300w, https:\/\/i0.wp.com\/cdnoticias.com\/wp-content\/uploads\/2025\/05\/incendio-leloir-03.jpg?resize=768%2C427&amp;ssl=1 768w, https:\/\/i0.wp.com\/cdnoticias.com\/wp-content\/uploads\/2025\/05\/incendio-leloir-03.jpg?resize=800%2C445&amp;ssl=1 800w\" sizes=\"auto, (max-width: 800px) 100vw, 800px\" \/><\/p>\n<blockquote><p>Una ambulancia traslad\u00f3 a la propietaria de la vivienda al Hospital Municipal ya que result\u00f3 con quemaduras. Se indic\u00f3 en el lugar que tambi\u00e9n tres ni\u00f1os, hijos de la mujer, recibieron atenci\u00f3n m\u00e9dica en el CIC, ubicado a pocos metros.<\/p><\/blockquote>\n<p>Adem\u00e1s, en el lugar de los hechos colabor\u00f3 <strong>personal del Comando de Patrullas<\/strong>.<\/p>\n<p><img data-recalc-dims=\"1\" loading=\"lazy\" decoding=\"async\" class=\"alignnone size-full wp-image-170675 aligncenter\" src=\"https:\/\/i0.wp.com\/cdnoticias.com\/wp-content\/uploads\/2025\/05\/incendio-leloir-04.jpg?resize=800%2C445&#038;ssl=1\" alt=\"\" width=\"800\" height=\"445\" srcset=\"https:\/\/i0.wp.com\/cdnoticias.com\/wp-content\/uploads\/2025\/05\/incendio-leloir-04.jpg?w=1000&amp;ssl=1 1000w, https:\/\/i0.wp.com\/cdnoticias.com\/wp-content\/uploads\/2025\/05\/incendio-leloir-04.jpg?resize=300%2C167&amp;ssl=1 300w, https:\/\/i0.wp.com\/cdnoticias.com\/wp-content\/uploads\/2025\/05\/incendio-leloir-04.jpg?resize=768%2C427&amp;ssl=1 768w, https:\/\/i0.wp.com\/cdnoticias.com\/wp-content\/uploads\/2025\/05\/incendio-leloir-04.jpg?resize=800%2C445&amp;ssl=1 800w\" sizes=\"auto, (max-width: 800px) 100vw, 800px\" \/><\/p>\n<p style=\"text-align: center;\"><img data-recalc-dims=\"1\" loading=\"lazy\" decoding=\"async\" class=\"alignnone size-full wp-image-170673\" src=\"https:\/\/i0.wp.com\/cdnoticias.com\/wp-content\/uploads\/2025\/05\/incendio-leloir-02.jpg?resize=800%2C445&#038;ssl=1\" alt=\"\" width=\"800\" height=\"445\" srcset=\"https:\/\/i0.wp.com\/cdnoticias.com\/wp-content\/uploads\/2025\/05\/incendio-leloir-02.jpg?w=1000&amp;ssl=1 1000w, https:\/\/i0.wp.com\/cdnoticias.com\/wp-content\/uploads\/2025\/05\/incendio-leloir-02.jpg?resize=300%2C167&amp;ssl=1 300w, https:\/\/i0.wp.com\/cdnoticias.com\/wp-content\/uploads\/2025\/05\/incendio-leloir-02.jpg?resize=768%2C427&amp;ssl=1 768w, https:\/\/i0.wp.com\/cdnoticias.com\/wp-content\/uploads\/2025\/05\/incendio-leloir-02.jpg?resize=800%2C445&amp;ssl=1 800w\" sizes=\"auto, (max-width: 800px) 100vw, 800px\" \/><\/p>\n","protected":false},"excerpt":{"rendered":"<p>Adem\u00e1s, tres ni\u00f1os recibieron atenci\u00f3n m\u00e9dica. Dos Unidades de Bomberos concurrieron a la vivienda donde el fuego alcanz\u00f3 a una<\/p>\n","protected":false},"author":4,"featured_media":170671,"comment_status":"closed","ping_status":"closed","sticky":false,"template":"","format":"standard","meta":{"_jetpack_memberships_contains_paid_content":false,"footnotes":""},"categories":[14,1],"tags":[],"class_list":["post-170670","post","type-post","status-publish","format-standard","has-post-thumbnail","hentry","category-policiales","category-portada"],"jetpack_featured_media_url":"https:\/\/i0.wp.com\/cdnoticias.com\/wp-content\/uploads\/2025\/05\/incendio-leloir-00.jpg?fit=1000%2C556&ssl=1","jetpack_sharing_enabled":true,"_links":{"self":[{"href":"https:\/\/cdnoticias.com\/index.php\/wp-json\/wp\/v2\/posts\/170670","targetHints":{"allow":["GET"]}}],"collection":[{"href":"https:\/\/cdnoticias.com\/index.php\/wp-json\/wp\/v2\/posts"}],"about":[{"href":"https:\/\/cdnoticias.com\/index.php\/wp-json\/wp\/v2\/types\/post"}],"author":[{"embeddable":true,"href":"https:\/\/cdnoticias.com\/index.php\/wp-json\/wp\/v2\/users\/4"}],"replies":[{"embeddable":true,"href":"https:\/\/cdnoticias.com\/index.php\/wp-json\/wp\/v2\/comments?post=170670"}],"version-history":[{"count":0,"href":"https:\/\/cdnoticias.com\/index.php\/wp-json\/wp\/v2\/posts\/170670\/revisions"}],"wp:featuredmedia":[{"embeddable":true,"href":"https:\/\/cdnoticias.com\/index.php\/wp-json\/wp\/v2\/media\/170671"}],"wp:attachment":[{"href":"https:\/\/cdnoticias.com\/index.php\/wp-json\/wp\/v2\/media?parent=170670"}],"wp:term":[{"taxonomy":"category","embeddable":true,"href":"https:\/\/cdnoticias.com\/index.php\/wp-json\/wp\/v2\/categories?post=170670"},{"taxonomy":"post_tag","embeddable":true,"href":"https:\/\/cdnoticias.com\/index.php\/wp-json\/wp\/v2\/tags?post=170670"}],"curies":[{"name":"wp","href":"https:\/\/api.w.org\/{rel}","templated":true}]}}