{"id":170642,"date":"2025-05-04T19:41:33","date_gmt":"2025-05-04T22:41:33","guid":{"rendered":"https:\/\/cdnoticias.com\/?p=170642"},"modified":"2025-05-05T08:29:52","modified_gmt":"2025-05-05T11:29:52","slug":"barajar-y-dar-de-nuevo","status":"publish","type":"post","link":"https:\/\/cdnoticias.com\/index.php\/2025\/05\/04\/barajar-y-dar-de-nuevo\/","title":{"rendered":"Barajar y dar de nuevo"},"content":{"rendered":"<p>Semana de reconfiguraci\u00f3n, marcha atr\u00e1s, marcha adelante y de expectativas. El D\u00eda del Trabajador, el conflicto de Cerro Negro y pico de despidos de los \u00faltimos 5 a\u00f1os. Una denuncia en La Libertad Avanza y el encuentro seccional del &#8220;kicillofismo&#8221;. Las elecciones en Unicen: Sociales, el primer dato.<!--more--><\/p>\n<hr \/>\n<p><em>\/ Extracto de Volver a las Fuentes por Josefina Bargas y Alexis Grierson)<\/em><\/p>\n<h3>El desenlace de Cerro Negro<\/h3>\n<p>Casi como el cuento de la buena pipa,<strong> la empresa Cerro Negro agudiz\u00f3 el conflicto<\/strong> y luego de tener un avance importante en las negociaciones,<a href=\"https:\/\/cdnoticias.com\/index.php\/2025\/04\/28\/conflicto-en-cerro-negro-volvieron-a-despedir-a-23-trabajadores-que-iban-a-ser-reincorporados\/\" target=\"_blank\" rel=\"noopener\"> volvi\u00f3 a despedir a 23 de los 28 trabajadores<\/a> que iba a reincorporar. \u00bfLa raz\u00f3n? Oficialmente no qued\u00f3 claro, pero todos los consultados por este newsletter coincidieron en que fue <strong>por el paro realizado finalizada la conciliaci\u00f3n obligatoria el jueves anterior<\/strong>.<\/p>\n<p>Es que m\u00e1s all\u00e1 de la reincorporaci\u00f3n de 28 trabajadores, a\u00fan <strong>restaba conocer qu\u00e9 iba a pasar con otra veintena de empleados despedidos<\/strong>, que no hab\u00edan sido tenidos en cuenta ni como reincorporados ni tampoco como despedidos, lo que moviliz\u00f3 el paro hasta tener certezas de su futuro laboral.<\/p>\n<p>El paro se agudiz\u00f3, aunque <strong>el di\u00e1logo se trat\u00f3 de retomar en el Ministerio de Trabajo de La Plata<\/strong> entre las partes, dispuestas a reveer las decisiones que profundizaron un conflicto que arranc\u00f3 con un centenar de despidos y tuvo otro final distinto.<\/p>\n<p>Tras varios d\u00edas de encuentros y de sostener el paro (<em>\u201cla gente tuvo un comportamiento ejemplar en esta lucha, llena de orgullo al pueblo ceramista\u201d<\/em> dijo Gustavo Bustamante) parec\u00eda que no iba a haber soluci\u00f3n pero las reuniones avanzaban y el tiempo corr\u00eda.<\/p>\n<p>\u00a0<\/p>\n<p><img data-recalc-dims=\"1\" loading=\"lazy\" decoding=\"async\" class=\"alignnone size-full wp-image-169877\" src=\"https:\/\/i0.wp.com\/cdnoticias.com\/wp-content\/uploads\/2025\/04\/cerro-negro-01.png?resize=800%2C445&#038;ssl=1\" alt=\"\" width=\"800\" height=\"445\" srcset=\"https:\/\/i0.wp.com\/cdnoticias.com\/wp-content\/uploads\/2025\/04\/cerro-negro-01.png?w=800&amp;ssl=1 800w, https:\/\/i0.wp.com\/cdnoticias.com\/wp-content\/uploads\/2025\/04\/cerro-negro-01.png?resize=300%2C167&amp;ssl=1 300w, https:\/\/i0.wp.com\/cdnoticias.com\/wp-content\/uploads\/2025\/04\/cerro-negro-01.png?resize=768%2C427&amp;ssl=1 768w\" sizes=\"auto, (max-width: 800px) 100vw, 800px\" \/><\/p>\n<p>\u00a0<\/p>\n<p>En el medio, hubo <strong>visitas de varios sindicatos como CECO, AOMA, integrantes de la CGT, de CTA<\/strong>, todos puestos a disposici\u00f3n para acompa\u00f1ar a los trabajadores. Incluso <strong>varios concejales estuvieron en la protesta de Circunvalaci\u00f3n y Ruta 226<\/strong> para expresar solidaridad y acompa\u00f1ar desde lo pol\u00edtico a un conflicto que se estaba tratando de resolver bastante m\u00e1s lejos que all\u00ed, en La Plata. El m\u00e1s visible fue <strong>Guillermo Santell\u00e1n, presidente del HCD<\/strong>.<\/p>\n<p>Lo concreto es que el mi\u00e9rcoles, para la tarde, apareci\u00f3 la soluci\u00f3n y la aclaraci\u00f3n final de qu\u00e9 fue lo que pas\u00f3 con los 96 trabajadores: <strong>Cerro Negro ofreci\u00f3 reincorporar en total a 37 trabajadores<\/strong>, situaci\u00f3n que horas despu\u00e9s el gremio <a href=\"https:\/\/cdnoticias.com\/index.php\/2025\/04\/30\/cerro-negro-ofrecio-reincorporar-37-trabajadores-habra-asamblea-para-definir-la-respuesta\/\" target=\"_blank\" rel=\"noopener\">aceptar\u00eda parcialmente en asamblea.<\/a><\/p>\n<p>\u00bfPor qu\u00e9 parcialmente? Vamos a desglosar: son <strong>37 los reincorporados<\/strong>, poco m\u00e1s de <strong>30 los que decidieron ser indemnizados<\/strong> y llegar a un acuerdo con la empresa, y <strong>poco m\u00e1s de 20 los que \u201cno aparecieron m\u00e1s\u201d l<\/strong>uego de conocerse el despido. Es decir, fueron despedidos y no protestaron ni se contactaron con el sindicato, seg\u00fan informaron desde el SOECO a Volver a las Fuentes. Y es<a href=\"https:\/\/cdnoticias.com\/index.php\/2025\/04\/30\/soeco-levanta-el-paro-frente-a-la-planta-cerro-negro\/\" target=\"_blank\" rel=\"noopener\"> parcialmente<\/a> porque adem\u00e1s de los 37, <strong>hay 6 que tambi\u00e9n buscan ser reincorporados y es la actual negociaci\u00f3n que tiene sindicato y empresa de cara a lo que viene<\/strong>. Seg\u00fan se logr\u00f3 saber en este desglose, <em>las partes eran \u201coptimistas\u201d en torno al posible resultado.<\/em><\/p>\n<p>Incluso, el balance es \u201cpositivo\u201d teniendo en cuenta que fueron reincorporados pr\u00e1cticamente todos los que quer\u00edan sostener su trabajo:<strong> \u201cestamos muy satisfechos con la lucha y el trabajo de los compa\u00f1eros tantos d\u00edas en condiciones adversas\u201d<\/strong> dijo Gustavo Bustamante.<\/p>\n<p><img data-recalc-dims=\"1\" loading=\"lazy\" decoding=\"async\" class=\"alignnone size-full wp-image-169047\" src=\"https:\/\/i0.wp.com\/cdnoticias.com\/wp-content\/uploads\/2025\/04\/Gutavo-Bustamante-Soeco.jpg?resize=800%2C531&#038;ssl=1\" alt=\"\" width=\"800\" height=\"531\" srcset=\"https:\/\/i0.wp.com\/cdnoticias.com\/wp-content\/uploads\/2025\/04\/Gutavo-Bustamante-Soeco.jpg?w=1024&amp;ssl=1 1024w, https:\/\/i0.wp.com\/cdnoticias.com\/wp-content\/uploads\/2025\/04\/Gutavo-Bustamante-Soeco.jpg?resize=300%2C199&amp;ssl=1 300w, https:\/\/i0.wp.com\/cdnoticias.com\/wp-content\/uploads\/2025\/04\/Gutavo-Bustamante-Soeco.jpg?resize=768%2C510&amp;ssl=1 768w, https:\/\/i0.wp.com\/cdnoticias.com\/wp-content\/uploads\/2025\/04\/Gutavo-Bustamante-Soeco.jpg?resize=272%2C182&amp;ssl=1 272w\" sizes=\"auto, (max-width: 800px) 100vw, 800px\" \/><\/p>\n<h3>Un d\u00eda del trabajador amargo<\/h3>\n<p>El jueves se conmemor\u00f3 el <strong>D\u00eda de las y los trabajadores<\/strong>. Se escuch\u00f3 y ley\u00f3 mucho \u201cFeliz d\u00eda\u201d pero tambi\u00e9n que de feliz ten\u00eda poco: agarra <strong>a Olavarr\u00eda en un contexto bastante complejo en materia de empleo<\/strong> y la situaci\u00f3n de FABI y Cerro Negro, sumado a las posibilidades de cara al futuro, fueron muy recordadas por los olavarrienses.<\/p>\n<p>En el marco de la Vuelta al Municipio -la tradicional prueba de pedestrismo local- el intendente <strong>Wesner<\/strong> habl\u00f3 con Radio Olavarr\u00eda y <strong>se mostr\u00f3 \u201cmuy preocupado\u201d por la coyuntura de empleo<\/strong>: \u201cestamos muy preocupados y ocupados por lo que nos est\u00e1 sucediendo. Tenemos una ca\u00edda muy importante en el sector de la construcci\u00f3n, en el sector minero, producto de la paralizaci\u00f3n de la obra p\u00fablica. <strong>M\u00e1s de 500 d\u00edas sin obra p\u00fablica en la Argentina y eso repercute de manera directa en nuestro entramado productivo local\u201d<\/strong>.<\/p>\n<p>Sum\u00f3, entre los rubros, al transporte y los comercios porque<strong> \u201ces un circulante que deja de estar d\u00eda a d\u00eda en el comercio olavarriense y genera una recesi\u00f3n importante que hace que caiga el consumo notoriamente&#8221;<\/strong>.<\/p>\n<p>&#8220;La verdad es que estamos muy preocupados. Por los despidos en Cerro Negro, el cierre de la f\u00e1brica FABI. No solamente por esos <strong>100 puestos perdidos ah\u00ed en la industria del papel, sino tambi\u00e9n 50 indirectos<\/strong> que se han perdido producto del cierre de esa planta en la localidad de Hinojo&#8221;, puntualiz\u00f3 el jefe comunal.<\/p>\n<p>En esa misma sinton\u00eda e incluso con datos alarmantes, <strong>el delegado del Ministerio de Trabajo local, Lucas Miriuka<\/strong>, se\u00f1al\u00f3 que <strong>sin contar los despidos de Cerro Negro, se informaron en abril 242 despidos<\/strong>. En materia estad\u00edstica, es la cifra m\u00e1s alta al menos desde que Miriuka est\u00e1 a cargo de la oficina, desde 2019.<\/p>\n<p><img data-recalc-dims=\"1\" loading=\"lazy\" decoding=\"async\" class=\"alignnone size-full wp-image-114006\" src=\"https:\/\/i0.wp.com\/cdnoticias.com\/wp-content\/uploads\/2024\/04\/miriuka-lucas.jpg?resize=800%2C445&#038;ssl=1\" alt=\"\" width=\"800\" height=\"445\" srcset=\"https:\/\/i0.wp.com\/cdnoticias.com\/wp-content\/uploads\/2024\/04\/miriuka-lucas.jpg?w=800&amp;ssl=1 800w, https:\/\/i0.wp.com\/cdnoticias.com\/wp-content\/uploads\/2024\/04\/miriuka-lucas.jpg?resize=300%2C167&amp;ssl=1 300w, https:\/\/i0.wp.com\/cdnoticias.com\/wp-content\/uploads\/2024\/04\/miriuka-lucas.jpg?resize=768%2C427&amp;ssl=1 768w\" sizes=\"auto, (max-width: 800px) 100vw, 800px\" \/><\/p>\n<p><strong>\u201cEs mucho m\u00e1s grave que las crisis anteriores, no me canso de decirlo<\/strong>\u201d se\u00f1al\u00f3, y lo atribuy\u00f3 al corte en la obra p\u00fablica. De hecho, si bien contabiliz\u00f3 242 despidos, son los que interviene el Ministerio de Trabajo -es decir, trabajo registrado- y no contabiliza el trabajo en negro.<\/p>\n<p>Adem\u00e1s, destac\u00f3 que producto de un pedido de informes y una reuni\u00f3n que mantuvo con los ediles del HCD, hizo un repaso estad\u00edstico y <strong>este 2025 lleva un 45% m\u00e1s de despidos que los \u00faltimos 5 a\u00f1os<\/strong>, incluso contabilizando la pandemia. Grave.<\/p>\n<p>En la ya tradicional movilizaci\u00f3n de jubilados de los mi\u00e9rcoles en la sede de Anses local, al pedido de mejoras para los jubilados se sum\u00f3, casi como tema excluyente, el tema laboral en nuestra ciudad. En el documento, le\u00eddo por Juan Ricaud y Ricardo Amarante, se dej\u00f3 en claro que \u201cen la Ciudad del Trabajo no hay nada para celebrar en esta fecha\u201d.<\/p>\n<p>\u201cEl gobierno no puede desentenderse de lo que est\u00e1 pasando ni usar a sus referentes locales para distraer la atenci\u00f3n con propuestas incoherentes y disociadas de la realidad\u201d, advirtieron, en referencia a las propuestas realizadas por dirigentes de La Libertad Avanza. De hecho, criticaron a Guillermo Lascano -como funcionario de PAMI- que \u201cpresentan proyectos que no dan la m\u00ednima soluci\u00f3n a la realidad de quienes se han quedado sin trabajo\u201d. Y pidieron, al cerrar, la conformaci\u00f3n de un amplio frente pol\u00edtico opositor para derrotar a Milei.<\/p>\n<h3>Una denuncia y un objetivo<\/h3>\n<p>\u00bfDe Lascano habl\u00e1bamos? Bueno, <strong>Lascano esta semana fue protagonista de una denuncia en su contra<\/strong> -al menos p\u00fablica- y <a href=\"https:\/\/cdnoticias.com\/index.php\/2025\/04\/28\/lascano-respondio-a-una-acusacion-en-su-contra-es-una-denuncia-infundada-y-sin-asidero\/\" target=\"_blank\" rel=\"noopener\">de su defensa, a primera hora del lunes<\/a>.<\/p>\n<p><a href=\"https:\/\/cdnoticias.com\/index.php\/2025\/04\/27\/el-paso-al-frente\/\" target=\"_blank\" rel=\"noopener\">Lo mencionamos en la edici\u00f3n anterior<\/a>. Repasemos: el portal denominado RealPolitik (que viene \u201cparejito\u201d en esto de presentar denuncias contra varios dirigentes) cont\u00f3 que tras una \u201cdenuncia an\u00f3nima\u201d por irregularidades, se investigaba a Lascano desde la UFI N\u00b010.<\/p>\n<p>\u00bfQu\u00e9 contiene la denuncia? \u201cDoscientas cirug\u00edas en cl\u00ednicas privadas que nunca se concretaron. No obstante, las mismas fueron facturadas y abonadas en su totalidad por PAMI, sin que exista constancia de autorizaci\u00f3n por parte de la sede central del organismo\u201d. Y tambi\u00e9n se cuestion\u00f3 que \u201cel mismo funcionario habr\u00eda cerrado un acuerdo con la empresa de ambulancias AMBA Emergencias, radicada en Mar del Plata, mediante el cual se pagar\u00edan mensualmente sumas de hasta 5 millones de pesos por traslados que jam\u00e1s se efectuaron\u201d.<\/p>\n<p><blockquote class=\"wp-embedded-content\" data-secret=\"IgZewABZ8N\"><a href=\"https:\/\/cdnoticias.com\/index.php\/2025\/04\/28\/lascano-respondio-a-una-acusacion-en-su-contra-es-una-denuncia-infundada-y-sin-asidero\/\">Lascano respondi\u00f3 a una acusaci\u00f3n en su contra: \u201cEs una denuncia infundada y sin asidero\u201d<\/a><\/blockquote><iframe loading=\"lazy\" class=\"wp-embedded-content\" sandbox=\"allow-scripts\" security=\"restricted\" style=\"position: absolute; visibility: hidden;\" title=\"&#8220;Lascano respondi\u00f3 a una acusaci\u00f3n en su contra: \u201cEs una denuncia infundada y sin asidero\u201d&#8221; &#8212; Central de Noticias | Olavarr\u00eda\" src=\"https:\/\/cdnoticias.com\/index.php\/2025\/04\/28\/lascano-respondio-a-una-acusacion-en-su-contra-es-una-denuncia-infundada-y-sin-asidero\/embed\/#?secret=OTrmKiQyEC#?secret=IgZewABZ8N\" data-secret=\"IgZewABZ8N\" width=\"600\" height=\"338\" frameborder=\"0\" marginwidth=\"0\" marginheight=\"0\" scrolling=\"no\"><\/iframe><\/p>\n<p>Lascano respondi\u00f3 48 horas despu\u00e9s de la acusaci\u00f3n que se viraliz\u00f3 en redes sociales. \u00bfHizo bien en darle entidad? M\u00e1s all\u00e1 de que <strong>sostiene su inocencia -e incluso hasta dirigentes de otros sectores pol\u00edticos desmintieron algunas de las acusaciones como la de las operaciones no realizadas- lo concreto es que la denuncia contiene acusaciones de una torpeza y un desconocimiento llamativo<\/strong>. O si hay otra intenci\u00f3n \u2026 no es tan llamativo. La<strong> interna de La Libertad Avanza<\/strong> est\u00e1 m\u00e1s caliente de lo que parece.<\/p>\n<p>El propio <strong>Lascano acus\u00f3 a su \u201cdenunciante an\u00f3nimo\u201d de desconocer las funciones<\/strong> de un agente local de PAMI, cargo que ejerce actualmente.<\/p>\n<p>\u201cNo hay ning\u00fan acuerdo firmado por m\u00ed, ni a t\u00edtulo personal y\/o en representaci\u00f3n del instituto, con la empresa Amba Salud. No est\u00e1 a mi alcance celebrar este tipo de convenio, por ende, la decisi\u00f3n de cambiar un prestador por otro, no es de mi incumbencia ni responsabilidad\u201d dijo. Ojo, <strong>no quita que haya un fuerte manto de sospecha por la situaci\u00f3n de Amba Salud y PAMI<\/strong>. Pero habr\u00eda que mirar un poco m\u00e1s arriba en torno a investigar posibles irregularidades.<\/p>\n<p>Sobre las cirug\u00edas, la versi\u00f3n de Lascano es a\u00fan m\u00e1s contundente. Dijo que<strong> \u201cno existe\u201d el convenio sobre el que se le acusa haber firmado<\/strong>: <em>\u201cel convenio lo firm\u00f3 el prestador COCEBA, con cl\u00ednicas y sanatorios privados\u201d<\/em>.<\/p>\n<p>\u00bfM\u00e1s denuncias? Hace algunas horas circul\u00f3 <strong>una versi\u00f3n de la renuncia de Carlos Antonini al cargo de subdelegado de la CNRT<\/strong> en Olavarr\u00eda por <strong>\u201cpresiones\u201d de referentes libertarios en nuestra ciudad<\/strong>. La versi\u00f3n cobr\u00f3 much\u00edsima fuerza durante el \u00faltimo s\u00e1bado e incluso con <strong>grav\u00edsimas denuncias de que varios funcionarios de distintos puntos de la Provincia har\u00edan \u201caportes\u201d para sostener el partido La Libertad Avanza<\/strong>. Volver a las Fuentes intent\u00f3 contactarse con Antonini, pero por ahora no contest\u00f3 ni a los llamados ni a los mensajes enviados por los hacedores de esta columna.<\/p>\n<h3>El acuerdo paritario y los cruces<\/h3>\n<p>Tras el <strong>acuerdo del 9% de suba salarial<\/strong> para los trabajadores municipales por los pr\u00f3ximos tres meses, el pedido del Intendente de que los concejales adhieran a congelarse el salario tal como lo hacen los funcionarios municipales gener\u00f3 reacciones, acusaciones y hasta <strong>una denuncia formal que hizo el gallismo por \u201csobresueldos\u201d<\/strong> por las famosas bonificaciones por tiempo pleno que instaur\u00f3 el ex intendente Galli.<\/p>\n<p>Repasemos: el intendente Wesner decidi\u00f3, m\u00e1s all\u00e1 del <a href=\"https:\/\/cdnoticias.com\/index.php\/2025\/04\/24\/los-trabajadores-municipales-tendran-aumento-salarial-de-3-mensual-hasta-junio\/\" target=\"_blank\" rel=\"noopener\">acuerdo paritario que cerr\u00f3 con el sindicato<\/a> encabezado por Jos\u00e9 Stuppia, que <strong>los funcionarios no perciban el 9% de aumento en tres tramos<\/strong>. Pero con los concejales la situaci\u00f3n es distinta, ya que deben realizar una declaraci\u00f3n en la cual se suman a la medida.<\/p>\n<p>La<strong> Libertad Avanza, por ejemplo, se mostr\u00f3 dispuesto a acompa\u00f1ar<\/strong> dicho congelamiento pero pidi\u00f3 <strong>que el Intendente \u201cd\u00e9 de baja el decreto 1621\/16 que otorga beneficios exclusivos al personal jer\u00e1rquico del Municipio<\/strong> ya que la aplicaci\u00f3n del mismo redunda en aumentos de hasta el 30% del salario\u201d.<\/p>\n<p><img data-recalc-dims=\"1\" loading=\"lazy\" decoding=\"async\" class=\"alignnone size-full wp-image-167976\" src=\"https:\/\/i0.wp.com\/cdnoticias.com\/wp-content\/uploads\/2025\/04\/HCD-bloques-Juntos-y-Pro.jpg?resize=800%2C450&#038;ssl=1\" alt=\"\" width=\"800\" height=\"450\" srcset=\"https:\/\/i0.wp.com\/cdnoticias.com\/wp-content\/uploads\/2025\/04\/HCD-bloques-Juntos-y-Pro.jpg?w=1000&amp;ssl=1 1000w, https:\/\/i0.wp.com\/cdnoticias.com\/wp-content\/uploads\/2025\/04\/HCD-bloques-Juntos-y-Pro.jpg?resize=300%2C169&amp;ssl=1 300w, https:\/\/i0.wp.com\/cdnoticias.com\/wp-content\/uploads\/2025\/04\/HCD-bloques-Juntos-y-Pro.jpg?resize=768%2C432&amp;ssl=1 768w\" sizes=\"auto, (max-width: 800px) 100vw, 800px\" \/><\/p>\n<p>Los dem\u00e1s bloques actuaron en similar sentido: <a href=\"https:\/\/cdnoticias.com\/index.php\/2025\/04\/29\/desde-el-gallismo-denuncian-que-el-municipio-gasta-mas-de-260-millones-anuales-en-sobresueldos\/\" target=\"_blank\" rel=\"noopener\">el gallismo fue m\u00e1s all\u00e1 y por medio de sus dos bloques<\/a> (que a la larga act\u00faan como uno solo) cargaron con dureza contra el Ejecutivo, al que <strong>acusaron de \u201cmentir\u201d y \u201cpersecuci\u00f3n laboral, precarizaci\u00f3n y empobrecimiento progresivo\u201d<\/strong>. Recordemos que actualmente lo \u00fanico que no se pudo recomponer -dicho por el Secretario General Jos\u00e9 Stuppia- fue el desfase de paritarias de la gesti\u00f3n Galli, que rondaba en sus propias palabras en alrededor del 100%.<\/p>\n<p>En ese punto, comentaron que<strong> \u201cactualmente son 37 los funcionarios de la Gesti\u00f3n de Maximiliano Wesner que cobran sumas de dinero por encima de sus sueldos<\/strong>, y en algunos casos superan el mill\u00f3n de pesos cada mes\u201d.<\/p>\n<p>La cifra, anualizada, ronda los 260 millones de pesos. La que mencionaron con m\u00e1s dureza fue a Mar\u00eda Eugenia Bezzoni, actual Secretaria de Hacienda -y ex titular de la cartera en la gesti\u00f3n de Ezequiel Galli- con una bonificaci\u00f3n que ronda 1.400.000 pesos.<\/p>\n<p>En conclusi\u00f3n el bloque del gallismo acompa\u00f1ar\u00e1 \u201cpero por lejos <strong>no es el Concejo Deliberante la sangr\u00eda financiera de un Municipio p\u00e9simamente administrado<\/strong>, basado en la mentira, la contradicci\u00f3n permanente y la desprotecci\u00f3n de los olavarrienses\u201d.<\/p>\n<h3>La hora se\u00f1alada<\/h3>\n<p>Finalmente, esta semana <strong>se confirm\u00f3 dia y horario de la primera de las elecciones de decano de las facultades de Unicen<\/strong> en Olavarr\u00eda. Ser\u00e1 la que muchos catalogan como la que \u201ccomenz\u00f3 todo\u201d: <strong>Sociales, el pr\u00f3ximo jueves 8 a las 11:00 horas<\/strong>.<\/p>\n<p>Ser\u00e1 la primera de, al menos, <strong>cuatro elecciones que se desarrollar\u00e1n en el \u00e1mbito acad\u00e9mico<\/strong> y que tendr\u00e1n injerencia en Olavarr\u00eda: por ahora habr\u00eda elecciones en Sociales, Salud e Ingenier\u00eda, sumada a la elecci\u00f3n de rector del pr\u00f3ximo 14 de mayo en Tandil.<\/p>\n<p>Vayamos por partes: en Sociales est\u00e1 todo dicho, s\u00f3lo resta que <strong>los 12 integrantes de los claustros voten a una de las dos listas que pugna<\/strong> por ser la sucesora del binomio Gamberini-Endere tras 8 a\u00f1os de gesti\u00f3n: por un lado, una <strong>l\u00ednea vinculada al oficialismo encabezada por el doctor en Arqueolog\u00eda Gustavo Flensborg acompa\u00f1ado del licenciado en Comunicaci\u00f3n Nicol\u00e1s Casado<\/strong>. Por el otro, <strong>el licenciado Maximiliano Peret es candidato a decano del espacio \u201cLa Militancia\u201d junto al candidato a vice, el doctor en Antropolog\u00eda Emilio T\u00e9vez<\/strong>.<\/p>\n<p>Hubo campa\u00f1a p\u00fablica, presentaci\u00f3n de propuestas y la b\u00fasqueda de tener un \u201cclamor popular\u201d m\u00e1s all\u00e1 del voto de la mayor\u00eda de los 12 integrantes de los claustros de la casa de estudios.<strong> La elecci\u00f3n se anticipa muy pareja y todo puede pasar<\/strong>: en los \u00faltimos d\u00edas comenzaron a filtrarse nombres para ocupar los lugares de gesti\u00f3n y se cuentan los d\u00edas para que suceda. El domingo que viene tendremos la cr\u00f3nica del primer resultado.<\/p>\n<p>Pero ojo, en las dem\u00e1s casas de estudio pasaron cosas: <strong>en Ingenier\u00eda, la ahora candidata a la reelecci\u00f3n Mar\u00eda Peralta confirm\u00f3 y present\u00f3 a su candidata a vicedecana: Silvana Gobbi<\/strong>, una ingeniera que durante muchos a\u00f1os fue referente en Seguridad Vial junto a Dante Galv\u00e1n, en un equipo que tuvo mucha visibilidad durante la gesti\u00f3n municipal de Jos\u00e9 Eseverri.<\/p>\n<p>M\u00e1s all\u00e1 de los galardones acad\u00e9micos de Gobbi, <strong>gener\u00f3 cierta molestia la vinculaci\u00f3n de Gobbi con las ideas de la libertad<\/strong>. \u00bfEn militancia activa? No necesariamente: el enojo fue por conocer el supuesto <em>apoyo a una gesti\u00f3n que fue determinante en el recorte del Presupuesto Universitario en 2024<\/em>, hecho que gener\u00f3 masivas movilizaciones hace poco m\u00e1s de un a\u00f1o.<\/p>\n<p>Enfrente, tal como lo confirm\u00f3 VAF semanas atr\u00e1s, <strong>estar\u00e1 la ingeniera Bettina Bravo junto a Gast\u00f3n Barreto como vice<\/strong>, en un <a href=\"https:\/\/cdnoticias.com\/index.php\/2025\/04\/18\/elecciones-en-la-facultad-de-ingenieria-hay-lista-opositora\/\" target=\"_blank\" rel=\"noopener\">espacio fundado como ConFIO<\/a>. &#8220;La propuesta nace con el objetivo de renovar la gesti\u00f3n acad\u00e9mica desde una mirada colectiva, inclusiva y profundamente comprometida con el fortalecimiento de la educaci\u00f3n p\u00fablica y el desarrollo integral de la comunidad universitaria&#8221;, indicaron.<\/p>\n<p>Adem\u00e1s, acompa\u00f1an esta f\u00f3rmula figuras destacadas de distintas \u00e1reas de trabajo, como Adriana Sequeira, Luciana Mentasti y Geraldina Roark. A la lista de Mar\u00eda Peralta y Silvana Gobbi la acompa\u00f1an el ex decano y rector Marcelo Spina, N\u00e9stor \u201cLalo\u201d Ferreyra, Fabi\u00e1n Irassar, entre otros. Son los hist\u00f3ricos dirigentes que est\u00e1n al frente de la FIO durante varias d\u00e9cadas, por lo que ConFIO surgi\u00f3 para plantear una discusi\u00f3n sobre los destinos de la Facultad.<strong> \u00bfHay fecha? No confirmada, pero circula la versi\u00f3n de que podr\u00edan ser el 30 de mayo<\/strong>.<\/p>\n<p><strong>\u00bfEn Salud? La cuesti\u00f3n es bastante m\u00e1s compleja<\/strong>: a hoy, <strong>Betina Bernardelli y Carla Falabella es la \u00fanica f\u00f3rmula confirmada<\/strong> en la casa de estudios para suceder a <strong>H\u00e9ctor Trebucq, que tambi\u00e9n tiene intenciones de renovar un mandato<\/strong> m\u00e1s pero depender\u00e1, por ahora, de elegir a un o una vice que lo acompa\u00f1e dado que su actual f\u00f3rmula en la gesti\u00f3n encabeza la oposici\u00f3n.<\/p>\n<p>\u201cSe apur\u00f3\u201d indicaron a este newsletter en la semana tras ver que la oposici\u00f3n se organiz\u00f3 bastante mejor para encarar el proceso eleccionario. <strong>Es que el equipo de \u201cCacho\u201d habr\u00eda tomado ciertas decisiones que lo alejaron de actores que hoy est\u00e1n con mejor visibilidad y que empoderaron a la figura de Bernardelli<\/strong>, que ya tiene lista confirmada y un apoyo sustancial en el \u00e1mbito acad\u00e9mico. De hecho, <strong>Trebucq habr\u00eda intentado generar unidad y evitar el proceso eleccionario<\/strong> pero si bien no est\u00e1 descartado, parece tarde. Todo puede pasar, de todas maneras. Este es el momento donde lo decimos: es la foto a pocas semanas de la elecci\u00f3n, que <strong>puede cambiar radicalmente el panorama<\/strong>.<\/p>\n<p>Y justamente, todo <strong>a dos semanas de la elecci\u00f3n a rector en Tandil<\/strong>: el actual rector <strong>Marcelo Aba gan\u00f3 m\u00e1s visibilidad<\/strong> y parece mejor posicionado para obtener la reelecci\u00f3n (y la de su vice, Alicia Spinello) contra la dupla conformada por la decana de la Facultad de Derecho, Laura Giosa, y la decana de Exactas, Silvia Stipcich, que causaron una gran impresi\u00f3n y un fuerte ruido pero \u2026 la situaci\u00f3n cambi\u00f3. Al menos por ahora. \u00bfUn ejemplo? <a href=\"https:\/\/cdnoticias.com\/index.php\/2025\/04\/16\/facultad-de-salud-la-unicen-adelanta-fondos-para-seguir-la-obra\/\" target=\"_blank\" rel=\"noopener\">El estruendoso anuncio de la reanudaci\u00f3n de los trabajos en el edificio de la Facultad de Salud<\/a>, con una inversi\u00f3n -propia- de 300 millones de pesos. Gener\u00f3 apoyos y rechazos, pero puso en el eje del debate al actual rector, algo que parec\u00eda que ten\u00eda perdido.<\/p>\n<h3>MDF profundiza en la S\u00e9ptima<\/h3>\n<p>Despu\u00e9s de muchas idas y vueltas<a href=\"https:\/\/cdnoticias.com\/index.php\/2025\/04\/28\/tras-varios-intentos-suspendieron-las-paso-en-la-provincia-de-buenos-aires\/\" target=\"_blank\" rel=\"noopener\"> ya se vot\u00f3 la suspensi\u00f3n de las PASO en la Legislatura provincial<\/a>, pero el <strong>clima interno en el oficialismo bonaerense no es para nada calmo<\/strong>. El <strong>\u201ckirchnerismo\u201d y el \u201ckicillofismo\u201d mantienen una disputa<\/strong> en torno al calendario electoral en la superficie, aunque en lo profundo se discute el liderazgo del espacio.<\/p>\n<p>En ese marco, vemos <strong>acciones de los referentes, Cristina Fern\u00e1ndez y Axel Kicillof, en paralelo y casi id\u00e9nticas<\/strong>. Nos referimos a, por ejemplo, las acusaciones contra la titular del FMI, Kristalina Gueorguieva, por sus dichos sobre las elecciones legislativas. Ambos dirigentes hicieron una interpretaci\u00f3n similar de lo sucedido, pero cada uno avanz\u00f3 con acciones por separado. Lo mismo en referencia al D\u00eda del Trabajador, donde cada uno busc\u00f3 destacarse con sus acciones y palabras en defensa de los trabajadores y en ataque al presidente Milei.<\/p>\n<p>Nos vamos a detener en <strong>el accionar de Movimiento Derecho al Futuro (MDF), el sector de Kicillof ya que tiene relaci\u00f3n directa con Olavarr\u00eda<\/strong>. En el marco de la movilizaci\u00f3n que la CGT y la CTA, <a href=\"https:\/\/cdnoticias.com\/index.php\/2025\/05\/02\/kicillof-se-reunio-con-referentes-de-las-centrales-sindicales-y-estuvo-liliana-schwindt\/\" target=\"_blank\" rel=\"noopener\">el gobernador se reuni\u00f3 con los m\u00e1ximos referentes sindicales. Daer, Godoy, Yasky, Acu\u00f1a<\/a>, entre otros estuvieron ah\u00ed. Al lado de Kicillof estuvieron varios ministros, entre ellos, el de Trabajo, Walter Correa. Y <strong>hubo presencia olavarriense: Liliana Schwindt estuvo en primera fila<\/strong>, al lado de la asesora y su referente, Cristina \u00c1lvarez Rodr\u00edguez.<\/p>\n<p><img data-recalc-dims=\"1\" loading=\"lazy\" decoding=\"async\" class=\"alignnone size-full wp-image-170513\" src=\"https:\/\/i0.wp.com\/cdnoticias.com\/wp-content\/uploads\/2025\/05\/kicillof-cgt-liliana-schwindt-00.jpg?resize=800%2C445&#038;ssl=1\" alt=\"\" width=\"800\" height=\"445\" srcset=\"https:\/\/i0.wp.com\/cdnoticias.com\/wp-content\/uploads\/2025\/05\/kicillof-cgt-liliana-schwindt-00.jpg?w=1000&amp;ssl=1 1000w, https:\/\/i0.wp.com\/cdnoticias.com\/wp-content\/uploads\/2025\/05\/kicillof-cgt-liliana-schwindt-00.jpg?resize=300%2C167&amp;ssl=1 300w, https:\/\/i0.wp.com\/cdnoticias.com\/wp-content\/uploads\/2025\/05\/kicillof-cgt-liliana-schwindt-00.jpg?resize=768%2C427&amp;ssl=1 768w, https:\/\/i0.wp.com\/cdnoticias.com\/wp-content\/uploads\/2025\/05\/kicillof-cgt-liliana-schwindt-00.jpg?resize=800%2C445&amp;ssl=1 800w\" sizes=\"auto, (max-width: 800px) 100vw, 800px\" \/><\/p>\n<p>En el intercambio,<strong> los sindicalistas reconocieron en Kicillof al gobernador que no cede ante la presi\u00f3n de Javier Milei<\/strong> y que se mantiene en la vereda de enfrente con claridad. Por descarte, <em>apuntan a los restantes gobernadores del peronismo<\/em>. Y tambi\u00e9n <em>reconocen la legitimidad de las urnas que lo sostiene<\/em>.<\/p>\n<p>La hoy <strong>concejal de Uni\u00f3n por la Patria habl\u00f3 con los gremialistas y con Correa al cierre de la reuni\u00f3n para plantear la situaci\u00f3n de Olavarr\u00eda<\/strong>, coincidente con la nacional. \u201cConversamos la situaci\u00f3n de Olavarr\u00eda y tambi\u00e9n despu\u00e9s con el Ministro de Trabajo que conoce porque est\u00e1 atendiendo las cosas all\u00ed. Conversamos un poco hacia afuera de lo que pasa en Olavarr\u00eda.<strong> Yo planteo siempre que para cuando estas cosas empiezan a suceder en Olavarr\u00eda, quiere decir que el resto del pa\u00eds ya tiene problemas graves\u201d dijo Liliana<\/strong>. Destac\u00f3 no s\u00f3lo los<strong> despidos<\/strong> como problema, sino la <strong>falta de creaci\u00f3n de nuevos puestos de trabajo<\/strong>.<\/p>\n<p><strong>Ella es la principal referente local del sector del gobernador<\/strong> y va a ser parte de una <strong>reuni\u00f3n seccional<\/strong> que se va a concretar el s\u00e1bado que viene:<strong> el 10 de mayo en Tapalqu\u00e9 donde estar\u00e1 el ministro de Gobierno<\/strong> y uno de los principales armadores, Carli Bianco, estrella invitada de VAF desde siempre.<\/p>\n<p><strong>Gustavo Cocconi<\/strong> -el anfitri\u00f3n-, <strong>Laura Aloisi, Chinchu Gasparini y Walter Abarca<\/strong> van a ser parte de esta mesa seccional de MDF donde <strong>se esperan tambi\u00e9n referentes de todas las ciudades de la S\u00e9ptima<\/strong>.<\/p>\n<p><img data-recalc-dims=\"1\" loading=\"lazy\" decoding=\"async\" class=\"alignnone size-full wp-image-168206\" src=\"https:\/\/i0.wp.com\/cdnoticias.com\/wp-content\/uploads\/2025\/04\/axel-kicillof-teatro-argentino-la-plata-2.jpeg?resize=800%2C445&#038;ssl=1\" alt=\"\" width=\"800\" height=\"445\" srcset=\"https:\/\/i0.wp.com\/cdnoticias.com\/wp-content\/uploads\/2025\/04\/axel-kicillof-teatro-argentino-la-plata-2.jpeg?w=1000&amp;ssl=1 1000w, https:\/\/i0.wp.com\/cdnoticias.com\/wp-content\/uploads\/2025\/04\/axel-kicillof-teatro-argentino-la-plata-2.jpeg?resize=300%2C167&amp;ssl=1 300w, https:\/\/i0.wp.com\/cdnoticias.com\/wp-content\/uploads\/2025\/04\/axel-kicillof-teatro-argentino-la-plata-2.jpeg?resize=768%2C427&amp;ssl=1 768w, https:\/\/i0.wp.com\/cdnoticias.com\/wp-content\/uploads\/2025\/04\/axel-kicillof-teatro-argentino-la-plata-2.jpeg?resize=800%2C445&amp;ssl=1 800w\" sizes=\"auto, (max-width: 800px) 100vw, 800px\" \/><\/p>\n<p>Ser\u00e1 <strong>el tercer encuentro de este grupo<\/strong>. Ya hubo uno en 25 de Mayo, convocado por Hern\u00e1n Ralinqueo, para la presentaci\u00f3n y otro en Saladillo, a fines de marzo, donde se conform\u00f3 la mesa que volver\u00e1 a reunirse el s\u00e1bado pr\u00f3ximo.<\/p>\n<p>La intenci\u00f3n del kicillofismo es <strong>no s\u00f3lo fortalecer su presencia seccional sino profundizarla<\/strong>. Y para ello <strong>pretenden que la reuni\u00f3n funcione a modo de un \u201cqui\u00e9n es qui\u00e9n\u201d<\/strong> en cada distrito: que <strong>se presenten los referentes locales y regionales de cada agrupaci\u00f3n cuyos referentes nacionales o provinciales firmaron el documento de lanzamiento de MDF<\/strong> a fines de febrero. Que fueron much\u00edsimos &#8211;<a href=\"https:\/\/cdnoticias.com\/index.php\/2025\/02\/23\/movimiento-derecho-al-futuro-kicillof-lanzo-su-linea-interna\/\" target=\"_blank\" rel=\"noopener\">ac\u00e1 los repas\u00e1s<\/a>&#8211; y si bien hubo algunos puntuales de Olavarr\u00eda &#8211;<a href=\"https:\/\/cdnoticias.com\/index.php\/2025\/02\/23\/adhesiones-de-olavarria-al-flamante-kicillofismo\/\" target=\"_blank\" rel=\"noopener\">ac\u00e1 los repas\u00e1s<\/a>-, hay <strong>organizaciones e instituciones que quedaron incluidas por defecto<\/strong>, podemos decir.<\/p>\n<p>Si pensamos <strong>en Olavarr\u00eda es claro que esa \u201cpresi\u00f3n\u201d va a colisionar con el armado local<\/strong>. Es que bajo el liderazgo de Maximiliano Wesner y C\u00e9sar Valicenti, <strong>el peronismo de Olavarr\u00eda logr\u00f3 un acuerdo in\u00e9dito que llev\u00f3 a la victoria electoral de 2023<\/strong> y que se ha sostenido. Nos referimos a la <strong>convivencia y acuerdo de las agrupaciones<\/strong> que hacia arriba no solo no conviven sino que se enfrentan directamente. <strong>Wesner y Valicenti responden al sector que llamamos \u201ckirchnerismo\u201d, pero a\u00fan as\u00ed no van al choque p\u00fablicamente contra Kicillof<\/strong> como s\u00ed lo hacen otros referentes, Mayra Mendoza y M\u00e1ximo Kirchner por caso.<\/p>\n<p>En ediciones anteriores hemos contado que, en el marco de ese conflicto interno, <strong>anteponen la \u201cpaz local\u201d<\/strong>: el armado propio y los acuerdos establecidos <strong>hace dos a\u00f1os tienen prioridad por sobre la disputa hacia arriba<\/strong>. Y sumamos que de hecho, la propia <strong>Liliana Schwindt y su aliada Telma Cazot integran el bloque oficialista en el Concejo Deliberante<\/strong>.<\/p>\n<p>\u00bfQu\u00e9 va a pasar el s\u00e1bado pr\u00f3ximo? \u00bfServir\u00e1 como demostraci\u00f3n de fuerza del kicillofismo? <strong>\u00bfVeremos m\u00e1s \u201ccaras\u201d de Olavarr\u00eda en la foto de MDF?<\/strong> \u00bfTendr\u00e1 consecuencias en el armado local del oficialismo? Por ahora s\u00f3lo tenemos preguntas.<strong> En el entorno del gobernador ensayan posibles escenarios de cara al cierre de listas bonaerenses<\/strong>, con distintos grados de conflictividad, y quieren estar preparados. <strong>La due\u00f1a de la llave del PJ ahora es Cristina Fern\u00e1ndez<\/strong>. Ese dato no es para nada menor.<\/p>\n\n\n<p class=\"has-large-font-size\"><strong>El newsletter<\/strong><\/p>\n\n\n\n<p>Esta publicaci\u00f3n es la <a href=\"https:\/\/mailchi.mp\/3e3e76fb9a72\/barajar-y-dar-de-nuevo?e=e4ffb04d40\">edici\u00f3n de este domingo del newsletter Volver a las Fuentes<\/a> que escriben Alexis Grierson y Josefina Bargas. <a href=\"https:\/\/linktr.ee\/volveralasfuentes\">Tiene un sistema de suscripci\u00f3n econ\u00f3mica y aportes \u00fanicos al que se puede acceder aqu\u00ed.<\/a><\/p>\n\n\n\n<p><\/p>\n","protected":false},"excerpt":{"rendered":"<p>Semana de reconfiguraci\u00f3n, marcha atr\u00e1s, marcha adelante y de expectativas. El D\u00eda del Trabajador, el conflicto de Cerro Negro y<\/p>\n","protected":false},"author":4,"featured_media":169876,"comment_status":"closed","ping_status":"closed","sticky":false,"template":"","format":"standard","meta":{"_jetpack_memberships_contains_paid_content":false,"footnotes":""},"categories":[4,1],"tags":[],"class_list":["post-170642","post","type-post","status-publish","format-standard","has-post-thumbnail","hentry","category-politica","category-portada"],"jetpack_featured_media_url":"https:\/\/i0.wp.com\/cdnoticias.com\/wp-content\/uploads\/2025\/04\/cerro-negro-02.png?fit=800%2C445&ssl=1","jetpack_sharing_enabled":true,"_links":{"self":[{"href":"https:\/\/cdnoticias.com\/index.php\/wp-json\/wp\/v2\/posts\/170642","targetHints":{"allow":["GET"]}}],"collection":[{"href":"https:\/\/cdnoticias.com\/index.php\/wp-json\/wp\/v2\/posts"}],"about":[{"href":"https:\/\/cdnoticias.com\/index.php\/wp-json\/wp\/v2\/types\/post"}],"author":[{"embeddable":true,"href":"https:\/\/cdnoticias.com\/index.php\/wp-json\/wp\/v2\/users\/4"}],"replies":[{"embeddable":true,"href":"https:\/\/cdnoticias.com\/index.php\/wp-json\/wp\/v2\/comments?post=170642"}],"version-history":[{"count":0,"href":"https:\/\/cdnoticias.com\/index.php\/wp-json\/wp\/v2\/posts\/170642\/revisions"}],"wp:featuredmedia":[{"embeddable":true,"href":"https:\/\/cdnoticias.com\/index.php\/wp-json\/wp\/v2\/media\/169876"}],"wp:attachment":[{"href":"https:\/\/cdnoticias.com\/index.php\/wp-json\/wp\/v2\/media?parent=170642"}],"wp:term":[{"taxonomy":"category","embeddable":true,"href":"https:\/\/cdnoticias.com\/index.php\/wp-json\/wp\/v2\/categories?post=170642"},{"taxonomy":"post_tag","embeddable":true,"href":"https:\/\/cdnoticias.com\/index.php\/wp-json\/wp\/v2\/tags?post=170642"}],"curies":[{"name":"wp","href":"https:\/\/api.w.org\/{rel}","templated":true}]}}