{"id":170634,"date":"2025-05-04T18:01:36","date_gmt":"2025-05-04T21:01:36","guid":{"rendered":"https:\/\/cdnoticias.com\/?p=170634"},"modified":"2025-05-04T18:01:37","modified_gmt":"2025-05-04T21:01:37","slug":"fin-de-semana-largo-se-movilizaron-1-159-000-turistas","status":"publish","type":"post","link":"https:\/\/cdnoticias.com\/index.php\/2025\/05\/04\/fin-de-semana-largo-se-movilizaron-1-159-000-turistas\/","title":{"rendered":"Fin de semana largo: se movilizaron 1.159.000 turistas"},"content":{"rendered":"\n<p>Seg\u00fan CAME, el impacto econ\u00f3mico estimado es de $ 256.960 millones. En la comparaci\u00f3n interanual, el turismo creci\u00f3 un 26% y el gasto total estimado aument\u00f3 42,6% en t\u00e9rminos reales.<\/p>\n\n\n\n<hr class=\"wp-block-separator aligncenter has-alpha-channel-opacity\"\/>\n\n\n\n<p>El<strong> fin de semana largo por el D\u00eda del Trabajador moviliz\u00f3 a 1.159.000 turistas en todo el pa\u00eds<\/strong>, con un <strong>impacto econ\u00f3mico estimado en $256.960 millones<\/strong> durante los cuatro d\u00edas. <\/p>\n\n\n\n<p><\/p>\n\n\n\n<p>Seg\u00fan el relevamiento de la Confederaci\u00f3n Argentina de la Mediana Empresa (CAME), <strong>cada turista gast\u00f3 en promedio $82.100 por d\u00eda y permaneci\u00f3 2,7 d\u00edas,<\/strong> lo que representa un <strong>gasto total aproximado de $221.670 por persona <\/strong>en todo el viaje.<\/p>\n\n\n\n<p><\/p>\n\n\n\n<p>Desde la c\u00e1mara empresaria destacaron que<strong> la principal caracter\u00edstica de este feriado fue el turismo de cercan\u00eda, <\/strong>con viajeros que redujeron gastos, acortaron su estad\u00eda y <strong>eligieron destinos con promociones.&nbsp;<\/strong><\/p>\n\n\n\n<p><\/p>\n\n\n\n<blockquote class=\"wp-block-quote is-layout-flow wp-block-quote-is-layout-flow\">\n<p>A su vez, \u201cmuchos turistas optaron por pa\u00edses vecinos. M\u00e1s de 20.000 personas cruzaron de Mendoza a Chile por el Paso Cristo Redentor. Aprovecharon para hacer compras de indumentaria y tecnolog\u00eda. Solo durante el 1 de mayo salieron 8.000 personas y se registraron 61 \u00f3mnibus entre ingresos y egresos\u201d.<\/p>\n<\/blockquote>\n\n\n\n<p><\/p>\n\n\n\n<p>Pese al movimiento hacia el exterior, <strong>el desempe\u00f1o del feriado fue ampliamente superior al de 2023, <\/strong>cuando el fin de semana largo tuvo solo tres d\u00edas. En la comparaci\u00f3n interanual, el turismo<strong> creci\u00f3 un 26%<\/strong> y el <strong>gasto total estimado aument\u00f3 42,6% en t\u00e9rminos reales<\/strong>.<\/p>\n\n\n\n<p><\/p>\n\n\n\n<p>Si se lo compara con 2018, \u00faltimo a\u00f1o en que el feriado tambi\u00e9n dur\u00f3 cuatro d\u00edas,<strong> la cantidad de turistas creci\u00f3 un 15,9% <\/strong>y el gasto total estimado subi\u00f3 un 24,4% en t\u00e9rminos reales. Sin embargo,<strong> la estad\u00eda promedio se redujo un 10%, al pasar de 3 d\u00edas en 2018 a 2,7 d\u00edas en 2025.<\/strong><\/p>\n\n\n\n<p><\/p>\n\n\n\n<blockquote class=\"wp-block-quote is-layout-flow wp-block-quote-is-layout-flow\">\n<p>Con estos datos, ya son tres los fines de semana largos en lo que va del a\u00f1o en los que viajaron por el pa\u00eds 6.668.190 turistas, con un gasto total de $1.691.420 millones ($1,7 billones o US$1.428 millones).<\/p>\n<\/blockquote>\n\n\n\n<p><\/p>\n\n\n\n<p>Con niveles de ocupaci\u00f3n superiores al 80% en vuelos de cabotaje,<strong> Aerol\u00edneas Argentinas transport\u00f3 durante el fin de semana a casi 160.000 pasajeros<\/strong> dentro del pa\u00eds, sobre un total de m\u00e1s de 200.000 viajeros, lo que constituye uno de los mayores movimientos tur\u00edsticos del a\u00f1o.&nbsp;<\/p>\n\n\n\n<p><\/p>\n\n\n\n<p><em>Fuente: DIB<\/em><\/p>\n\n\n\n<p><\/p>\n","protected":false},"excerpt":{"rendered":"<p>Seg\u00fan CAME, el impacto econ\u00f3mico estimado es de $ 256.960 millones. En la comparaci\u00f3n interanual, el turismo creci\u00f3 un 26%<\/p>\n","protected":false},"author":6,"featured_media":142623,"comment_status":"closed","ping_status":"closed","sticky":false,"template":"","format":"standard","meta":{"_jetpack_memberships_contains_paid_content":false,"footnotes":""},"categories":[6,1],"tags":[],"class_list":["post-170634","post","type-post","status-publish","format-standard","has-post-thumbnail","hentry","category-nacionales","category-portada"],"jetpack_featured_media_url":"https:\/\/i0.wp.com\/cdnoticias.com\/wp-content\/uploads\/2025\/01\/playa-necochea.jpg?fit=696%2C392&ssl=1","jetpack_sharing_enabled":true,"_links":{"self":[{"href":"https:\/\/cdnoticias.com\/index.php\/wp-json\/wp\/v2\/posts\/170634","targetHints":{"allow":["GET"]}}],"collection":[{"href":"https:\/\/cdnoticias.com\/index.php\/wp-json\/wp\/v2\/posts"}],"about":[{"href":"https:\/\/cdnoticias.com\/index.php\/wp-json\/wp\/v2\/types\/post"}],"author":[{"embeddable":true,"href":"https:\/\/cdnoticias.com\/index.php\/wp-json\/wp\/v2\/users\/6"}],"replies":[{"embeddable":true,"href":"https:\/\/cdnoticias.com\/index.php\/wp-json\/wp\/v2\/comments?post=170634"}],"version-history":[{"count":0,"href":"https:\/\/cdnoticias.com\/index.php\/wp-json\/wp\/v2\/posts\/170634\/revisions"}],"wp:featuredmedia":[{"embeddable":true,"href":"https:\/\/cdnoticias.com\/index.php\/wp-json\/wp\/v2\/media\/142623"}],"wp:attachment":[{"href":"https:\/\/cdnoticias.com\/index.php\/wp-json\/wp\/v2\/media?parent=170634"}],"wp:term":[{"taxonomy":"category","embeddable":true,"href":"https:\/\/cdnoticias.com\/index.php\/wp-json\/wp\/v2\/categories?post=170634"},{"taxonomy":"post_tag","embeddable":true,"href":"https:\/\/cdnoticias.com\/index.php\/wp-json\/wp\/v2\/tags?post=170634"}],"curies":[{"name":"wp","href":"https:\/\/api.w.org\/{rel}","templated":true}]}}