{"id":170623,"date":"2025-05-04T14:30:43","date_gmt":"2025-05-04T17:30:43","guid":{"rendered":"https:\/\/cdnoticias.com\/?p=170623"},"modified":"2025-05-04T14:30:45","modified_gmt":"2025-05-04T17:30:45","slug":"unicen-repudio-el-ataque-al-pabellon-de-diversidad-de-la-unidad-n2-de-sierra-chica","status":"publish","type":"post","link":"https:\/\/cdnoticias.com\/index.php\/2025\/05\/04\/unicen-repudio-el-ataque-al-pabellon-de-diversidad-de-la-unidad-n2-de-sierra-chica\/","title":{"rendered":"UNICEN repudi\u00f3 el ataque al Pabell\u00f3n de Diversidad de la Unidad N\u00b02 de Sierra Chica"},"content":{"rendered":"\n<p>\u201cDesde la Universidad P\u00fablica exigimos el cese inmediato de toda forma de tortura y violencia institucional\u201d expresaron.&nbsp;<\/p>\n\n\n\n<hr class=\"wp-block-separator aligncenter has-alpha-channel-opacity\"\/>\n\n\n\n<p>Desde el <strong>\u00c1rea de Pol\u00edticas de G\u00e9nero de la UNICEN y la Facultad de Ciencias Sociales <\/strong>a trav\u00e9s del Programa CHEsida, el Programa de Educaci\u00f3n en Contexto de Encierro (PECE) y la C\u00e1tedra Libre \u201cSexualidades, G\u00e9nero y Derechos Humanos\u201d,<strong> repudiaron en\u00e9rgicamente y expresaron preocupaci\u00f3n ante los hechos de violencia institucional hacia el Pabell\u00f3n 9 de Diversidad de la Unidad Penal N\u00b02 de Sierra Chica.<\/strong>\u00a0\u00a0<\/p>\n\n\n\n<p><\/p>\n\n\n\n<p>El pasado 14 de abril a la madrugada al menos<strong> 45 personas del colectivo LGTBI+ fueron trasladadas de forma violenta,<\/strong> muchas de ellas <strong>semidesnudas y golpeadas,<\/strong> al sector de aislamiento y sin explicaciones, hecho <strong>denunciado recientemente por la Comisi\u00f3n Provincial de la Memoria.\u00a0<\/strong><\/p>\n\n\n\n<p><\/p>\n\n\n\n<blockquote class=\"wp-block-quote is-layout-flow wp-block-quote-is-layout-flow\">\n<p>\u201cDurante la requisa realizada por el Servicio Penitenciario lxs integrantes del pabell\u00f3n padecieron maltratos, hostigamiento, incomunicaci\u00f3n y la violaci\u00f3n de la ley de identidad de g\u00e9nero, entre otras muestras de violencia institucional que actualmente persisten\u201d contaron desde UNICEN.\u00a0<\/p>\n<\/blockquote>\n\n\n\n<p><\/p>\n\n\n\n<p>Asimismo se\u00f1alaron: <em>\u201cLa sa\u00f1a con que se ejecut\u00f3 el operativo, la violencia f\u00edsica y simb\u00f3lica extrema, y el ensa\u00f1amiento espec\u00edfico hacia las identidades trans, revelan el car\u00e1cter discriminatorio y sistem\u00e1tico del accionar estatal en contextos de encierro\u201d.\u00a0<\/em><\/p>\n\n\n\n<p><\/p>\n\n\n\n<blockquote class=\"wp-block-quote is-layout-flow wp-block-quote-is-layout-flow\">\n<p>\u201cEstos hechos constituyen una grave vulneraci\u00f3n a los derechos humanos y dan cuenta de la reproducci\u00f3n de l\u00f3gicas violentas en las instituciones penitenciarias\u201d indicaron.\u00a0<\/p>\n<\/blockquote>\n\n\n\n<p><\/p>\n\n\n\n<p>Por \u00faltimo remarcaron:<strong> \u201cLa UNICEN llama a reflexionar sobre las pr\u00e1cticas institucionalizadas de violencia hacia un sector hist\u00f3ricamente vulnerado.<\/strong> <strong>Desde la Universidad P\u00fablica exigimos el cese inmediato de toda forma de tortura y violencia institucional, la reincorporaci\u00f3n al pabell\u00f3n de las personas que permanecen en celdas de aislamiento, el respeto irrestricto a los procesos institucionales y el pronto esclarecimiento judicial de lo ocurrido<\/strong>\u201d.\u00a0<\/p>\n\n\n\n<p><\/p>\n","protected":false},"excerpt":{"rendered":"<p>\u201cDesde la Universidad P\u00fablica exigimos el cese inmediato de toda forma de tortura y violencia institucional\u201d expresaron.&nbsp; Desde el \u00c1rea<\/p>\n","protected":false},"author":6,"featured_media":11313,"comment_status":"closed","ping_status":"closed","sticky":false,"template":"","format":"standard","meta":{"_jetpack_memberships_contains_paid_content":false,"footnotes":""},"categories":[5,1],"tags":[],"class_list":["post-170623","post","type-post","status-publish","format-standard","has-post-thumbnail","hentry","category-informacion-general","category-portada"],"jetpack_featured_media_url":"https:\/\/i0.wp.com\/cdnoticias.com\/wp-content\/uploads\/2021\/01\/unidad-2-sierra-chica.jpg?fit=1200%2C670&ssl=1","jetpack_sharing_enabled":true,"_links":{"self":[{"href":"https:\/\/cdnoticias.com\/index.php\/wp-json\/wp\/v2\/posts\/170623","targetHints":{"allow":["GET"]}}],"collection":[{"href":"https:\/\/cdnoticias.com\/index.php\/wp-json\/wp\/v2\/posts"}],"about":[{"href":"https:\/\/cdnoticias.com\/index.php\/wp-json\/wp\/v2\/types\/post"}],"author":[{"embeddable":true,"href":"https:\/\/cdnoticias.com\/index.php\/wp-json\/wp\/v2\/users\/6"}],"replies":[{"embeddable":true,"href":"https:\/\/cdnoticias.com\/index.php\/wp-json\/wp\/v2\/comments?post=170623"}],"version-history":[{"count":0,"href":"https:\/\/cdnoticias.com\/index.php\/wp-json\/wp\/v2\/posts\/170623\/revisions"}],"wp:featuredmedia":[{"embeddable":true,"href":"https:\/\/cdnoticias.com\/index.php\/wp-json\/wp\/v2\/media\/11313"}],"wp:attachment":[{"href":"https:\/\/cdnoticias.com\/index.php\/wp-json\/wp\/v2\/media?parent=170623"}],"wp:term":[{"taxonomy":"category","embeddable":true,"href":"https:\/\/cdnoticias.com\/index.php\/wp-json\/wp\/v2\/categories?post=170623"},{"taxonomy":"post_tag","embeddable":true,"href":"https:\/\/cdnoticias.com\/index.php\/wp-json\/wp\/v2\/tags?post=170623"}],"curies":[{"name":"wp","href":"https:\/\/api.w.org\/{rel}","templated":true}]}}