{"id":170611,"date":"2025-05-04T13:34:28","date_gmt":"2025-05-04T16:34:28","guid":{"rendered":"https:\/\/cdnoticias.com\/?p=170611"},"modified":"2025-05-04T13:34:30","modified_gmt":"2025-05-04T16:34:30","slug":"el-vaticano-ya-instalo-la-chimenea-en-la-capilla-sixtina-para-el-conclave","status":"publish","type":"post","link":"https:\/\/cdnoticias.com\/index.php\/2025\/05\/04\/el-vaticano-ya-instalo-la-chimenea-en-la-capilla-sixtina-para-el-conclave\/","title":{"rendered":"El Vaticano ya instal\u00f3 la chimenea en la Capilla Sixtina para el c\u00f3nclave"},"content":{"rendered":"\n<p>La ceremonia para elegir al nuevo Papa comenzar\u00e1 el 7 de mayo. De la chimenea saldr\u00e1 humo negro si no hubo consenso entre los cardenales, o blanco si la elecci\u00f3n del Pont\u00edfice fue exitosa.<\/p>\n\n\n\n<hr class=\"wp-block-separator aligncenter has-alpha-channel-opacity\"\/>\n\n\n\n<p>Este viernes, los <strong>trabajadores del Vaticano instalaron  la chimenea que anunciar\u00e1 desde la Capilla Sixtina <\/strong>que <strong>los cardenales de la Iglesia cat\u00f3lica eligieron a un nuevo Papa, el sucesor de Francisco.<\/strong><\/p>\n\n\n\n<p><\/p>\n\n\n\n<p>Cinco bomberos de la Santa Sede <strong>subieron al tejado del edificio para colocar el h\u00famero <\/strong>y pasaron desapercibidos para los muchos turistas que visitaban la plaza de San Pedro, aunque algunos lo notaron y subieron videos a las redes sociales.<\/p>\n\n\n\n<p><\/p>\n\n\n\n<blockquote class=\"wp-block-quote is-layout-flow wp-block-quote-is-layout-flow\">\n<p>Se recuerda que a partir del mi\u00e9rcoles 7 de mayo, 133 cardenales se encerrar\u00e1n en el c\u00f3nclave en la Capilla Sixtina para votar al nuevo Sumo Pont\u00edfice y quemar\u00e1n en una estufa las papeletas de la votaci\u00f3n para anunciar al mundo el resultado.<\/p>\n<\/blockquote>\n\n\n\n<p><\/p>\n\n\n\n<p>Se celebran <strong>cuatro votaciones<\/strong> al d\u00eda: <strong>dos por la ma\u00f1ana y dos por la tarde.<\/strong> Mientras no haya un consenso, se queman cada dos sesiones de votaci\u00f3n con una sustancia especial que emana humo negro por la chimenea.\u00a0<\/p>\n\n\n\n<p><\/p>\n\n\n\n<p>En caso de que el Papa haya sido electo,<strong> el humo ser\u00e1 blanco<\/strong> y se anunciar\u00e1: \u201cHabemus papam\u201d.\u00a0<\/p>\n\n\n\n<p><\/p>\n\n\n\n<p><em>Fuente: DIB\u00a0<\/em><\/p>\n\n\n\n<p><\/p>\n","protected":false},"excerpt":{"rendered":"<p>La ceremonia para elegir al nuevo Papa comenzar\u00e1 el 7 de mayo. De la chimenea saldr\u00e1 humo negro si no<\/p>\n","protected":false},"author":6,"featured_media":170612,"comment_status":"closed","ping_status":"closed","sticky":false,"template":"","format":"standard","meta":{"_jetpack_memberships_contains_paid_content":false,"footnotes":""},"categories":[6,1],"tags":[],"class_list":["post-170611","post","type-post","status-publish","format-standard","has-post-thumbnail","hentry","category-nacionales","category-portada"],"jetpack_featured_media_url":"https:\/\/i0.wp.com\/cdnoticias.com\/wp-content\/uploads\/2025\/05\/papa-chimenea-vaticano.png?fit=884%2C508&ssl=1","jetpack_sharing_enabled":true,"_links":{"self":[{"href":"https:\/\/cdnoticias.com\/index.php\/wp-json\/wp\/v2\/posts\/170611","targetHints":{"allow":["GET"]}}],"collection":[{"href":"https:\/\/cdnoticias.com\/index.php\/wp-json\/wp\/v2\/posts"}],"about":[{"href":"https:\/\/cdnoticias.com\/index.php\/wp-json\/wp\/v2\/types\/post"}],"author":[{"embeddable":true,"href":"https:\/\/cdnoticias.com\/index.php\/wp-json\/wp\/v2\/users\/6"}],"replies":[{"embeddable":true,"href":"https:\/\/cdnoticias.com\/index.php\/wp-json\/wp\/v2\/comments?post=170611"}],"version-history":[{"count":0,"href":"https:\/\/cdnoticias.com\/index.php\/wp-json\/wp\/v2\/posts\/170611\/revisions"}],"wp:featuredmedia":[{"embeddable":true,"href":"https:\/\/cdnoticias.com\/index.php\/wp-json\/wp\/v2\/media\/170612"}],"wp:attachment":[{"href":"https:\/\/cdnoticias.com\/index.php\/wp-json\/wp\/v2\/media?parent=170611"}],"wp:term":[{"taxonomy":"category","embeddable":true,"href":"https:\/\/cdnoticias.com\/index.php\/wp-json\/wp\/v2\/categories?post=170611"},{"taxonomy":"post_tag","embeddable":true,"href":"https:\/\/cdnoticias.com\/index.php\/wp-json\/wp\/v2\/tags?post=170611"}],"curies":[{"name":"wp","href":"https:\/\/api.w.org\/{rel}","templated":true}]}}