{"id":170567,"date":"2025-05-03T18:01:27","date_gmt":"2025-05-03T21:01:27","guid":{"rendered":"https:\/\/cdnoticias.com\/?p=170567"},"modified":"2025-05-03T18:01:29","modified_gmt":"2025-05-03T21:01:29","slug":"endere-propone-desregulaciones-y-cambios-en-el-sistema-de-licencias-de-conducir","status":"publish","type":"post","link":"https:\/\/cdnoticias.com\/index.php\/2025\/05\/03\/endere-propone-desregulaciones-y-cambios-en-el-sistema-de-licencias-de-conducir\/","title":{"rendered":"Endere propone desregulaciones y cambios en el sistema de Licencias de Conducir"},"content":{"rendered":"<p>Las principales modificaciones apuntan a facilidades y ampliaci\u00f3n de plazos. Distingue caducidad de licencias particulares y profesionales, busca hacer obligatoria la licencia digital y la\u00a0gratuidad de cobros provinciales para mayores de 65 a\u00f1os.<!--more--><\/p>\n<hr \/>\n<p>El <strong>diputado provincial Mart\u00edn Endere<\/strong> present\u00f3 en la <strong>C\u00e1mara de Diputados de la provincia de Buenos Aires<\/strong> un proyecto de ley para realizar <strong>modificaciones en las licencias de conducir<\/strong>.<\/p>\n<p>Las <strong>principales modificaciones<\/strong> que plantea Endere tienen que ver con desregulaciones, <strong>facilidades y ampliaci\u00f3n de plazos<\/strong> para los vecinos de la provincia de Buenos Aires a la hora de tramitar la licencia de conducir.<\/p>\n<blockquote><p>Una de las modificaciones que plantea el proyecto de ley es hacer obligatoria la licencia digital que actualmente es optativa y la licencia en formato f\u00edsico sin fecha de vencimiento y con un c\u00f3digo QR para poder remitir a la digital.<\/p><\/blockquote>\n<p>Otro aspecto que se destaca en el proyecto de ley es que <strong>las personas de m\u00e1s de 65 a\u00f1os de edad gozar\u00e1n de gratuidad en todo tr\u00e1mite o tasa correspondiente a la provincia de Buenos Aires<\/strong>, para la renovaci\u00f3n de la licencia de conducir, <strong>cuando perciban alg\u00fan haber previsional equivalente o inferior a la jubilaci\u00f3n m\u00ednima, o no re\u00fanan cuatro salarios m\u00ednimos, vitales y m\u00f3viles<\/strong>. En el mismo sentido, solo deber\u00e1n presentar para la renovaci\u00f3n de la licencia, el examen psicof\u00edsico que constate su aptitud.<\/p>\n<p><strong>Distingue las caducidades de las licencias profesionales (Clase A.6, C, D y E) de las licencias particulares (Clase A, B, F y G)<\/strong>, permitiendo que la de mayor plazo subsista aun cuando la otra haya caducado, es decir, independiza las vigencias de las licencias.<\/p>\n<p>Adem\u00e1s, <strong>promueve habilitar la obtenci\u00f3n a partir de los 16 a\u00f1os (con autorizaci\u00f3n de los padres)<\/strong> de licencia de clase A para <strong>uso comercial<\/strong>. Asimismo, extiende al plazo m\u00e1ximo la vigencia de la licencia de conducir para aquellos que no alcanzan la edad de 21 a\u00f1os.<\/p>\n<blockquote><p>\u201cEl proyecto, que tiene varios puntos, est\u00e1 pensado, fundamentalmente, para facilitar el tr\u00e1mite a los vecinos que hoy encuentran demasiados escollos a la hora de tramitar o renovar la licencia\u201d, explic\u00f3 Endere.<\/p><\/blockquote>\n<p><strong>\u201cEl mundo y el pa\u00eds van hacia el camino de la desregulaci\u00f3n y la supresi\u00f3n de la burocracia<\/strong> y la provincia de Buenos Aires no puede seguir anclada a viejas pr\u00e1cticas meramente recaudatorias y engorrosas\u201d, a\u00f1adi\u00f3 el legislador oriundo de Olavarr\u00eda.<\/p>\n<p>Por \u00faltimo,<em> el proyecto pretende crear en el \u00e1mbito provincial el Sistema 100% digital para la tramitaci\u00f3n y presentaci\u00f3n de documentaci\u00f3n<\/em> concerniente a la licencia de conducir, el cual ser\u00e1 dise\u00f1ado e implementado por el Ministerio de Gobierno.<\/p>\n","protected":false},"excerpt":{"rendered":"<p>Las principales modificaciones apuntan a facilidades y ampliaci\u00f3n de plazos. Distingue caducidad de licencias particulares y profesionales, busca hacer obligatoria<\/p>\n","protected":false},"author":4,"featured_media":116022,"comment_status":"closed","ping_status":"closed","sticky":false,"template":"","format":"standard","meta":{"_jetpack_memberships_contains_paid_content":false,"footnotes":""},"categories":[4,1],"tags":[],"class_list":["post-170567","post","type-post","status-publish","format-standard","has-post-thumbnail","hentry","category-politica","category-portada"],"jetpack_featured_media_url":"https:\/\/i0.wp.com\/cdnoticias.com\/wp-content\/uploads\/2024\/05\/diputado-martin-endere-00.jpg?fit=800%2C532&ssl=1","jetpack_sharing_enabled":true,"_links":{"self":[{"href":"https:\/\/cdnoticias.com\/index.php\/wp-json\/wp\/v2\/posts\/170567","targetHints":{"allow":["GET"]}}],"collection":[{"href":"https:\/\/cdnoticias.com\/index.php\/wp-json\/wp\/v2\/posts"}],"about":[{"href":"https:\/\/cdnoticias.com\/index.php\/wp-json\/wp\/v2\/types\/post"}],"author":[{"embeddable":true,"href":"https:\/\/cdnoticias.com\/index.php\/wp-json\/wp\/v2\/users\/4"}],"replies":[{"embeddable":true,"href":"https:\/\/cdnoticias.com\/index.php\/wp-json\/wp\/v2\/comments?post=170567"}],"version-history":[{"count":0,"href":"https:\/\/cdnoticias.com\/index.php\/wp-json\/wp\/v2\/posts\/170567\/revisions"}],"wp:featuredmedia":[{"embeddable":true,"href":"https:\/\/cdnoticias.com\/index.php\/wp-json\/wp\/v2\/media\/116022"}],"wp:attachment":[{"href":"https:\/\/cdnoticias.com\/index.php\/wp-json\/wp\/v2\/media?parent=170567"}],"wp:term":[{"taxonomy":"category","embeddable":true,"href":"https:\/\/cdnoticias.com\/index.php\/wp-json\/wp\/v2\/categories?post=170567"},{"taxonomy":"post_tag","embeddable":true,"href":"https:\/\/cdnoticias.com\/index.php\/wp-json\/wp\/v2\/tags?post=170567"}],"curies":[{"name":"wp","href":"https:\/\/api.w.org\/{rel}","templated":true}]}}