{"id":170553,"date":"2025-05-03T09:29:43","date_gmt":"2025-05-03T12:29:43","guid":{"rendered":"https:\/\/cdnoticias.com\/?p=170553"},"modified":"2025-05-03T09:29:45","modified_gmt":"2025-05-03T12:29:45","slug":"jose-luis-balistrere-conejo-q-e-p-d","status":"publish","type":"post","link":"https:\/\/cdnoticias.com\/index.php\/2025\/05\/03\/jose-luis-balistrere-conejo-q-e-p-d\/","title":{"rendered":"Jos\u00e9 Luis Balistrere &#8220;Conejo&#8221; (Q.E.P.D.)"},"content":{"rendered":"<p>Falleci\u00f3 en Bah\u00eda Blanca el d\u00eda 1 de Mayo de 2025 a los 56 a\u00f1os de edad.<\/p>\n<p>Su esposa: Silvina Fabiana Mansilla. Sus hijos: Aldana y Matias. Sus padres, hermanos y dem\u00e1s familiares participan su fallecimiento.<\/p>\n<p>Velatorio: Espa\u00f1a 2942, Departamento &#8220;C&#8221;. Comienza a las 20 hs. Responso: Capilla Ardiente. Inhumaci\u00f3n: Cementerio Loma de Paz, 3 de Mayo a las 11.30 hs.<\/p>\n<p>Vecino Pueblo Nuevo<\/p>\n<p>Lugar de nacimiento: Olavarr\u00eda<\/p>\n<p>Actividad que desarrollaba: Transportista.<\/p>\n","protected":false},"excerpt":{"rendered":"<p>Falleci\u00f3 en Bah\u00eda Blanca el d\u00eda 1 de Mayo de 2025 a los 56 a\u00f1os de edad. Su esposa: Silvina<\/p>\n","protected":false},"author":4,"featured_media":51544,"comment_status":"closed","ping_status":"closed","sticky":false,"template":"","format":"standard","meta":{"_jetpack_memberships_contains_paid_content":false,"footnotes":""},"categories":[10],"tags":[],"class_list":["post-170553","post","type-post","status-publish","format-standard","has-post-thumbnail","hentry","category-necrologicas"],"jetpack_featured_media_url":"https:\/\/i0.wp.com\/cdnoticias.com\/wp-content\/uploads\/2022\/04\/necrologicas-390-x-240.jpg?fit=390%2C240&ssl=1","jetpack_sharing_enabled":true,"_links":{"self":[{"href":"https:\/\/cdnoticias.com\/index.php\/wp-json\/wp\/v2\/posts\/170553","targetHints":{"allow":["GET"]}}],"collection":[{"href":"https:\/\/cdnoticias.com\/index.php\/wp-json\/wp\/v2\/posts"}],"about":[{"href":"https:\/\/cdnoticias.com\/index.php\/wp-json\/wp\/v2\/types\/post"}],"author":[{"embeddable":true,"href":"https:\/\/cdnoticias.com\/index.php\/wp-json\/wp\/v2\/users\/4"}],"replies":[{"embeddable":true,"href":"https:\/\/cdnoticias.com\/index.php\/wp-json\/wp\/v2\/comments?post=170553"}],"version-history":[{"count":0,"href":"https:\/\/cdnoticias.com\/index.php\/wp-json\/wp\/v2\/posts\/170553\/revisions"}],"wp:featuredmedia":[{"embeddable":true,"href":"https:\/\/cdnoticias.com\/index.php\/wp-json\/wp\/v2\/media\/51544"}],"wp:attachment":[{"href":"https:\/\/cdnoticias.com\/index.php\/wp-json\/wp\/v2\/media?parent=170553"}],"wp:term":[{"taxonomy":"category","embeddable":true,"href":"https:\/\/cdnoticias.com\/index.php\/wp-json\/wp\/v2\/categories?post=170553"},{"taxonomy":"post_tag","embeddable":true,"href":"https:\/\/cdnoticias.com\/index.php\/wp-json\/wp\/v2\/tags?post=170553"}],"curies":[{"name":"wp","href":"https:\/\/api.w.org\/{rel}","templated":true}]}}