{"id":170486,"date":"2025-05-01T19:40:36","date_gmt":"2025-05-01T22:40:36","guid":{"rendered":"https:\/\/cdnoticias.com\/?p=170486"},"modified":"2025-05-02T11:04:03","modified_gmt":"2025-05-02T14:04:03","slug":"un-finde-largo-con-temperaturas-calidas-y-de-buen-tiempo-para-olavarria","status":"publish","type":"post","link":"https:\/\/cdnoticias.com\/index.php\/2025\/05\/01\/un-finde-largo-con-temperaturas-calidas-y-de-buen-tiempo-para-olavarria\/","title":{"rendered":"Un finde largo con temperaturas c\u00e1lidas y de buen tiempo para Olavarr\u00eda"},"content":{"rendered":"\n<p>Hay un porcentaje bajo de probabilidades de lluvias para el domingo. El s\u00e1bado la m\u00e1xima alcanzar\u00eda los 25 grados. C\u00f3mo estar\u00e1 el tiempo en Olavarr\u00eda.<\/p>\n\n\n\n<hr class=\"wp-block-separator aligncenter has-alpha-channel-opacity\"\/>\n\n\n\n<p>Con temperaturas agradables pero una jornada gris en Olavarr\u00eda, <strong>el D\u00eda de las y los trabajadores de este jueves fue el puntapi\u00e9 inicial del fin de semana largo: \u00bfc\u00f3mo estar\u00e1 el tiempo para nuestra ciudad?<\/strong><\/p>\n\n\n\n<p>En principio, y tal como lo se\u00f1ala el <strong>Servicio Meteorol\u00f3gico Nacional, se esperan temperaturas agradables y hasta calurosas para nuestra ciudad y la regi\u00f3n: tanto viernes como s\u00e1bado las m\u00e1ximas rondar\u00e1n los 23 grados, mientras que el domingo podr\u00edan alcanzar los 25 grados por la tarde.\u00a0<\/strong><\/p>\n\n\n\n<p>Tendremos <strong>cielos variables en cuanto a la nubosidad, y vientos de distintas direcciones pero siempre soplando a baja velocidad.<\/strong><\/p>\n\n\n\n<p>El <strong>domingo por la tarde, cabe destacar, hay una baja probabilidad de lluvias de entre el 10 y el 40%<\/strong>, que podr\u00eda crecer con el correr de las horas.\u00a0<\/p>\n\n\n\n<p>Ya para el lunes se estima que la temperatura baje a unos 20\u00b0C de m\u00e1xima, por lo que n<strong>os queda sugerirles que disfruten este fin de semana de buenas temperaturas para disfrutar al aire libre.<\/strong><\/p>\n","protected":false},"excerpt":{"rendered":"<p>Hay un porcentaje bajo de probabilidades de lluvias para el domingo. El s\u00e1bado la m\u00e1xima alcanzar\u00eda los 25 grados. C\u00f3mo<\/p>\n","protected":false},"author":2,"featured_media":121662,"comment_status":"closed","ping_status":"closed","sticky":false,"template":"","format":"standard","meta":{"_jetpack_memberships_contains_paid_content":false,"footnotes":""},"categories":[5,1],"tags":[],"class_list":["post-170486","post","type-post","status-publish","format-standard","has-post-thumbnail","hentry","category-informacion-general","category-portada"],"jetpack_featured_media_url":"https:\/\/i0.wp.com\/cdnoticias.com\/wp-content\/uploads\/2024\/07\/clima-frio-invierno-despejado-sol-parque-04.jpg?fit=1200%2C675&ssl=1","jetpack_sharing_enabled":true,"_links":{"self":[{"href":"https:\/\/cdnoticias.com\/index.php\/wp-json\/wp\/v2\/posts\/170486","targetHints":{"allow":["GET"]}}],"collection":[{"href":"https:\/\/cdnoticias.com\/index.php\/wp-json\/wp\/v2\/posts"}],"about":[{"href":"https:\/\/cdnoticias.com\/index.php\/wp-json\/wp\/v2\/types\/post"}],"author":[{"embeddable":true,"href":"https:\/\/cdnoticias.com\/index.php\/wp-json\/wp\/v2\/users\/2"}],"replies":[{"embeddable":true,"href":"https:\/\/cdnoticias.com\/index.php\/wp-json\/wp\/v2\/comments?post=170486"}],"version-history":[{"count":0,"href":"https:\/\/cdnoticias.com\/index.php\/wp-json\/wp\/v2\/posts\/170486\/revisions"}],"wp:featuredmedia":[{"embeddable":true,"href":"https:\/\/cdnoticias.com\/index.php\/wp-json\/wp\/v2\/media\/121662"}],"wp:attachment":[{"href":"https:\/\/cdnoticias.com\/index.php\/wp-json\/wp\/v2\/media?parent=170486"}],"wp:term":[{"taxonomy":"category","embeddable":true,"href":"https:\/\/cdnoticias.com\/index.php\/wp-json\/wp\/v2\/categories?post=170486"},{"taxonomy":"post_tag","embeddable":true,"href":"https:\/\/cdnoticias.com\/index.php\/wp-json\/wp\/v2\/tags?post=170486"}],"curies":[{"name":"wp","href":"https:\/\/api.w.org\/{rel}","templated":true}]}}