{"id":170477,"date":"2025-05-01T18:30:41","date_gmt":"2025-05-01T21:30:41","guid":{"rendered":"https:\/\/cdnoticias.com\/?p=170477"},"modified":"2025-05-02T11:04:14","modified_gmt":"2025-05-02T14:04:14","slug":"un-hombre-debio-ser-rescatado-por-bomberos-tras-caer-de-una-planta-mientras-podaba","status":"publish","type":"post","link":"https:\/\/cdnoticias.com\/index.php\/2025\/05\/01\/un-hombre-debio-ser-rescatado-por-bomberos-tras-caer-de-una-planta-mientras-podaba\/","title":{"rendered":"Un hombre debi\u00f3 ser rescatado por bomberos tras caer de una planta mientras podaba"},"content":{"rendered":"\n<p>Fue en la tarde de este jueves en una vivienda de Col\u00f3n al 2400. Cay\u00f3 a una vivienda lindera, por lo que las tareas se complejizaron.<\/p>\n\n\n\n<hr class=\"wp-block-separator aligncenter has-alpha-channel-opacity\"\/>\n\n\n\n<p>Este jueves por la tarde, una dotaci\u00f3n de Bomberos, personal del Comando de Patrullas y personal de Salud <strong>trabajaron para rescatar a un hombre que se cay\u00f3 a una vivienda lindera mientras podaba un \u00e1rbol.<\/strong><\/p>\n\n\n\n<figure class=\"wp-block-image size-full\"><img data-recalc-dims=\"1\" loading=\"lazy\" decoding=\"async\" width=\"800\" height=\"445\" src=\"https:\/\/i0.wp.com\/cdnoticias.com\/wp-content\/uploads\/2025\/05\/persona-caida-colon-24001.jpg?resize=800%2C445&#038;ssl=1\" alt=\"\" class=\"wp-image-170479\" srcset=\"https:\/\/i0.wp.com\/cdnoticias.com\/wp-content\/uploads\/2025\/05\/persona-caida-colon-24001.jpg?w=800&amp;ssl=1 800w, https:\/\/i0.wp.com\/cdnoticias.com\/wp-content\/uploads\/2025\/05\/persona-caida-colon-24001.jpg?resize=300%2C167&amp;ssl=1 300w, https:\/\/i0.wp.com\/cdnoticias.com\/wp-content\/uploads\/2025\/05\/persona-caida-colon-24001.jpg?resize=768%2C427&amp;ssl=1 768w\" sizes=\"auto, (max-width: 800px) 100vw, 800px\" \/><\/figure>\n\n\n\n<p>El hecho se registr\u00f3 en<strong> la zona de Col\u00f3n al 2400, por causas que a\u00fan se buscar\u00e1n esclarecer.<\/strong> Lo que logr\u00f3 saber <strong>Central de Noticias<\/strong> en el lugar es que el hombre \u2013una persona de unos 30 a\u00f1os- c<strong>ay\u00f3 mientras podaba a una vivienda cuyo frente se encuentra en Lavalle casi Col\u00f3n.<\/strong><\/p>\n\n\n\n<p>R\u00e1pidamente, personal policial y una dotaci\u00f3n de Bomberos se dirigieron al lugar y<strong> tras certificar lo complejo que era trasladar al hombre ca\u00eddo, debieron ingresar por Lavalle para ser retirado r\u00e1pidamente en una camilla y trasladado al Hospital Municipal.<\/strong><\/p>\n\n\n\n<figure class=\"wp-block-image size-full\"><img data-recalc-dims=\"1\" loading=\"lazy\" decoding=\"async\" width=\"800\" height=\"445\" src=\"https:\/\/i0.wp.com\/cdnoticias.com\/wp-content\/uploads\/2025\/05\/persona-caida-colon-24002.jpg?resize=800%2C445&#038;ssl=1\" alt=\"\" class=\"wp-image-170478\" srcset=\"https:\/\/i0.wp.com\/cdnoticias.com\/wp-content\/uploads\/2025\/05\/persona-caida-colon-24002.jpg?w=800&amp;ssl=1 800w, https:\/\/i0.wp.com\/cdnoticias.com\/wp-content\/uploads\/2025\/05\/persona-caida-colon-24002.jpg?resize=300%2C167&amp;ssl=1 300w, https:\/\/i0.wp.com\/cdnoticias.com\/wp-content\/uploads\/2025\/05\/persona-caida-colon-24002.jpg?resize=768%2C427&amp;ssl=1 768w\" sizes=\"auto, (max-width: 800px) 100vw, 800px\" \/><\/figure>\n\n\n\n<p>El hecho gener\u00f3 un importante<strong> operativo en toda la zona por lo que Col\u00f3n y Brown en mano hacia Rivadavia estuvo cortada varios minutos.<\/strong><\/p>\n\n\n\n<p><\/p>\n","protected":false},"excerpt":{"rendered":"<p>Fue en la tarde de este jueves en una vivienda de Col\u00f3n al 2400. Cay\u00f3 a una vivienda lindera, por<\/p>\n","protected":false},"author":2,"featured_media":170480,"comment_status":"closed","ping_status":"closed","sticky":false,"template":"","format":"standard","meta":{"_jetpack_memberships_contains_paid_content":false,"footnotes":""},"categories":[14,1],"tags":[],"class_list":["post-170477","post","type-post","status-publish","format-standard","has-post-thumbnail","hentry","category-policiales","category-portada"],"jetpack_featured_media_url":"https:\/\/i0.wp.com\/cdnoticias.com\/wp-content\/uploads\/2025\/05\/persona-caida-colon-2400.jpg?fit=800%2C445&ssl=1","jetpack_sharing_enabled":true,"_links":{"self":[{"href":"https:\/\/cdnoticias.com\/index.php\/wp-json\/wp\/v2\/posts\/170477","targetHints":{"allow":["GET"]}}],"collection":[{"href":"https:\/\/cdnoticias.com\/index.php\/wp-json\/wp\/v2\/posts"}],"about":[{"href":"https:\/\/cdnoticias.com\/index.php\/wp-json\/wp\/v2\/types\/post"}],"author":[{"embeddable":true,"href":"https:\/\/cdnoticias.com\/index.php\/wp-json\/wp\/v2\/users\/2"}],"replies":[{"embeddable":true,"href":"https:\/\/cdnoticias.com\/index.php\/wp-json\/wp\/v2\/comments?post=170477"}],"version-history":[{"count":0,"href":"https:\/\/cdnoticias.com\/index.php\/wp-json\/wp\/v2\/posts\/170477\/revisions"}],"wp:featuredmedia":[{"embeddable":true,"href":"https:\/\/cdnoticias.com\/index.php\/wp-json\/wp\/v2\/media\/170480"}],"wp:attachment":[{"href":"https:\/\/cdnoticias.com\/index.php\/wp-json\/wp\/v2\/media?parent=170477"}],"wp:term":[{"taxonomy":"category","embeddable":true,"href":"https:\/\/cdnoticias.com\/index.php\/wp-json\/wp\/v2\/categories?post=170477"},{"taxonomy":"post_tag","embeddable":true,"href":"https:\/\/cdnoticias.com\/index.php\/wp-json\/wp\/v2\/tags?post=170477"}],"curies":[{"name":"wp","href":"https:\/\/api.w.org\/{rel}","templated":true}]}}