{"id":170429,"date":"2025-05-01T19:19:48","date_gmt":"2025-05-01T22:19:48","guid":{"rendered":"https:\/\/cdnoticias.com\/?p=170429"},"modified":"2025-05-01T19:41:19","modified_gmt":"2025-05-01T22:41:19","slug":"rompio-la-vidriera-de-un-restaurante-y-fue-aprehendido","status":"publish","type":"post","link":"https:\/\/cdnoticias.com\/index.php\/2025\/05\/01\/rompio-la-vidriera-de-un-restaurante-y-fue-aprehendido\/","title":{"rendered":"Rompi\u00f3 la vidriera de un restaurante y fue aprehendido"},"content":{"rendered":"\n<p>Ocurri\u00f3 en Rivadavia al 2700. Un empleado del local sufri\u00f3 lesiones superficiales.<\/p>\n\n\n\n<hr class=\"wp-block-separator has-alpha-channel-opacity\"\/>\n\n\n\n<p>Personal del Comando de Patrullas aprehendi\u00f3 a un hombre de 28 a\u00f1os que<strong> con un golpe de pu\u00f1o rompi\u00f3 la vidriera de un restaurante.<\/strong><\/p>\n\n\n\n<p><\/p>\n\n\n\n<p>Ocurri\u00f3 en el <strong>comercio ubicado en Rivadavia 2700,<\/strong> frente a la Plaza del Centro. Seg\u00fan se inform\u00f3, <strong>un empleado del local sufri\u00f3 lesiones superficiales.<\/strong><\/p>\n\n\n\n<p><\/p>\n\n\n\n<p>El hombre fue trasladado a la Comisar\u00eda Primera. Interviene la UFI N\u00b0 4 por <strong>\u201cda\u00f1o y lesiones leves\u201d.<\/strong><\/p>\n","protected":false},"excerpt":{"rendered":"<p>Ocurri\u00f3 en Rivadavia al 2700. Un empleado del local sufri\u00f3 lesiones superficiales. Personal del Comando de Patrullas aprehendi\u00f3 a un<\/p>\n","protected":false},"author":5,"featured_media":170430,"comment_status":"closed","ping_status":"closed","sticky":false,"template":"","format":"standard","meta":{"_jetpack_memberships_contains_paid_content":false,"footnotes":""},"categories":[14,1],"tags":[],"class_list":["post-170429","post","type-post","status-publish","format-standard","has-post-thumbnail","hentry","category-policiales","category-portada"],"jetpack_featured_media_url":"https:\/\/i0.wp.com\/cdnoticias.com\/wp-content\/uploads\/2025\/05\/aprehendido-vidriera-comercio.png?fit=800%2C445&ssl=1","jetpack_sharing_enabled":true,"_links":{"self":[{"href":"https:\/\/cdnoticias.com\/index.php\/wp-json\/wp\/v2\/posts\/170429","targetHints":{"allow":["GET"]}}],"collection":[{"href":"https:\/\/cdnoticias.com\/index.php\/wp-json\/wp\/v2\/posts"}],"about":[{"href":"https:\/\/cdnoticias.com\/index.php\/wp-json\/wp\/v2\/types\/post"}],"author":[{"embeddable":true,"href":"https:\/\/cdnoticias.com\/index.php\/wp-json\/wp\/v2\/users\/5"}],"replies":[{"embeddable":true,"href":"https:\/\/cdnoticias.com\/index.php\/wp-json\/wp\/v2\/comments?post=170429"}],"version-history":[{"count":0,"href":"https:\/\/cdnoticias.com\/index.php\/wp-json\/wp\/v2\/posts\/170429\/revisions"}],"wp:featuredmedia":[{"embeddable":true,"href":"https:\/\/cdnoticias.com\/index.php\/wp-json\/wp\/v2\/media\/170430"}],"wp:attachment":[{"href":"https:\/\/cdnoticias.com\/index.php\/wp-json\/wp\/v2\/media?parent=170429"}],"wp:term":[{"taxonomy":"category","embeddable":true,"href":"https:\/\/cdnoticias.com\/index.php\/wp-json\/wp\/v2\/categories?post=170429"},{"taxonomy":"post_tag","embeddable":true,"href":"https:\/\/cdnoticias.com\/index.php\/wp-json\/wp\/v2\/tags?post=170429"}],"curies":[{"name":"wp","href":"https:\/\/api.w.org\/{rel}","templated":true}]}}