{"id":170367,"date":"2025-05-02T09:41:43","date_gmt":"2025-05-02T12:41:43","guid":{"rendered":"https:\/\/cdnoticias.com\/?p=170367"},"modified":"2025-05-02T09:41:45","modified_gmt":"2025-05-02T12:41:45","slug":"bomberos-voluntarios-de-olavarria-adquirio-nueva-indumentaria","status":"publish","type":"post","link":"https:\/\/cdnoticias.com\/index.php\/2025\/05\/02\/bomberos-voluntarios-de-olavarria-adquirio-nueva-indumentaria\/","title":{"rendered":"Bomberos Voluntarios de Olavarr\u00eda adquiri\u00f3 nueva indumentaria"},"content":{"rendered":"\n<p>La medida fortalece el equipamiento de quienes enfrentan diariamente situaciones de riesgo.<\/p>\n\n\n\n<hr class=\"wp-block-separator aligncenter has-alpha-channel-opacity\"\/>\n\n\n\n<p>En el marco del compromiso permanente con la protecci\u00f3n y el bienestar del personal, el <strong>Consejo Directivo de la Asociaci\u00f3n de Bomberos Voluntarios<\/strong> de Olavarr\u00eda realiz\u00f3 una<strong> importante inversi\u00f3n para reforzar el equipamiento de los y las integrantes del cuerpo activo.<\/strong><\/p>\n\n\n\n<p><\/p>\n\n\n\n<blockquote class=\"wp-block-quote is-layout-flow wp-block-quote-is-layout-flow\">\n<p>Se trata de la adquisici\u00f3n de 100 nuevos pares de calzado de seguridad, especialmente dise\u00f1ados para brindar mayor protecci\u00f3n en intervenciones que implican riesgos f\u00edsicos, altas temperaturas o superficies irregulares.\u00a0<\/p>\n<\/blockquote>\n\n\n\n<p><\/p>\n\n\n\n<p>Este tipo de calzado t\u00e9cnico es<strong> fundamental para garantizar la integridad de quienes trabajan en la emergencia,<\/strong> como es el caso de los Bomberos Voluntarios. <\/p>\n\n\n\n<p><\/p>\n\n\n\n<p>La compra forma parte de un<strong> plan continuo de actualizaci\u00f3n y mejora del equipamiento, <\/strong>entendiendo que cada elemento de protecci\u00f3n personal es una herramienta clave para la labor diaria de los bomberos y bomberas, as\u00ed lo viene destacando tanto el Consejo Directivo y la Subcomisi\u00f3n de Damas, como tambi\u00e9n la Jefatura.\u00a0<\/p>\n\n\n\n<p><\/p>\n\n\n\n<p><em>\u201cDesde la Asociaci\u00f3n de Bomberos Voluntarios de Olavarr\u00eda estamos comprometidos con el bienestar del bombero, porque sabemos que as\u00ed bregamos por la seguridad de nuestra comunidad\u201d<\/em> expresaron.\u00a0<\/p>\n\n\n\n<p><\/p>\n","protected":false},"excerpt":{"rendered":"<p>La medida fortalece el equipamiento de quienes enfrentan diariamente situaciones de riesgo. En el marco del compromiso permanente con la<\/p>\n","protected":false},"author":6,"featured_media":170368,"comment_status":"closed","ping_status":"closed","sticky":false,"template":"","format":"standard","meta":{"_jetpack_memberships_contains_paid_content":false,"footnotes":""},"categories":[5,1],"tags":[],"class_list":["post-170367","post","type-post","status-publish","format-standard","has-post-thumbnail","hentry","category-informacion-general","category-portada"],"jetpack_featured_media_url":"https:\/\/i0.wp.com\/cdnoticias.com\/wp-content\/uploads\/2025\/04\/bomberos-olavarria-indumentaria.jpg?fit=900%2C579&ssl=1","jetpack_sharing_enabled":true,"_links":{"self":[{"href":"https:\/\/cdnoticias.com\/index.php\/wp-json\/wp\/v2\/posts\/170367","targetHints":{"allow":["GET"]}}],"collection":[{"href":"https:\/\/cdnoticias.com\/index.php\/wp-json\/wp\/v2\/posts"}],"about":[{"href":"https:\/\/cdnoticias.com\/index.php\/wp-json\/wp\/v2\/types\/post"}],"author":[{"embeddable":true,"href":"https:\/\/cdnoticias.com\/index.php\/wp-json\/wp\/v2\/users\/6"}],"replies":[{"embeddable":true,"href":"https:\/\/cdnoticias.com\/index.php\/wp-json\/wp\/v2\/comments?post=170367"}],"version-history":[{"count":0,"href":"https:\/\/cdnoticias.com\/index.php\/wp-json\/wp\/v2\/posts\/170367\/revisions"}],"wp:featuredmedia":[{"embeddable":true,"href":"https:\/\/cdnoticias.com\/index.php\/wp-json\/wp\/v2\/media\/170368"}],"wp:attachment":[{"href":"https:\/\/cdnoticias.com\/index.php\/wp-json\/wp\/v2\/media?parent=170367"}],"wp:term":[{"taxonomy":"category","embeddable":true,"href":"https:\/\/cdnoticias.com\/index.php\/wp-json\/wp\/v2\/categories?post=170367"},{"taxonomy":"post_tag","embeddable":true,"href":"https:\/\/cdnoticias.com\/index.php\/wp-json\/wp\/v2\/tags?post=170367"}],"curies":[{"name":"wp","href":"https:\/\/api.w.org\/{rel}","templated":true}]}}