{"id":170324,"date":"2025-05-06T08:28:32","date_gmt":"2025-05-06T11:28:32","guid":{"rendered":"https:\/\/cdnoticias.com\/?p=170324"},"modified":"2025-05-06T08:28:33","modified_gmt":"2025-05-06T11:28:33","slug":"teatro-municipal-gabriel-rolon-vuelve-a-olavarria-con-palabra-plena","status":"publish","type":"post","link":"https:\/\/cdnoticias.com\/index.php\/2025\/05\/06\/teatro-municipal-gabriel-rolon-vuelve-a-olavarria-con-palabra-plena\/","title":{"rendered":"Teatro Municipal: Gabriel Rol\u00f3n vuelve a Olavarr\u00eda con \u201cPalabra Plena\u201d"},"content":{"rendered":"\n<p>El espect\u00e1culo se realizar\u00e1 el domingo 29 de junio a las 17:30. Las entradas ya se encuentran a la venta.<\/p>\n\n\n\n<hr class=\"wp-block-separator has-alpha-channel-opacity\"\/>\n\n\n\n<p>En el mes de junio, el Teatro Municipal recibe la visita del licenciado Gabriel Rol\u00f3n, quien vuelve a Olavarr\u00eda con la gira despedida de su espect\u00e1culo \u201cPalabra Plena\u201d. Se invita a disfrutar de este espect\u00e1culo el <strong>domingo 29 de junio a las 17:30 horas.<\/strong><\/p>\n\n\n\n<p><\/p>\n\n\n\n<p><strong>Somos humanos en tanto habitamos un mundo de palabras.<\/strong> Un mundo lleno de im\u00e1genes y personas que no veremos jam\u00e1s, y sin embargo nos recorren. Dar la palabra es darse uno mismo, siempre y cuando no se trate de una palabra vac\u00eda. No siempre que hablamos decimos algo de nosotros. La \u00fanica palabra importante es la que lleva nuestra sangre. La que nos modifica una vez pronunciada. Esa es una palabra que nos compromete y nos define. Esa es una palabra plena.<\/p>\n\n\n\n<p><\/p>\n\n\n\n<p>El mundo nos incita a hablar por hablar. Sin decir nada. \u201cPalabra plena\u201d, en cambio, <strong>nos desaf\u00eda a pensar, a transitar el laberinto de nuestro propio enigma intentando evitar las trampas de la comodidad. Porque las cosas importantes de la vida son inc\u00f3modas.<\/strong><\/p>\n\n\n\n<p><\/p>\n\n\n\n<p>Caminamos entre el amor y la p\u00e9rdida, la felicidad y la angustia, la esperanza y el deseo. Siempre de la mano de la palabra. La palabra es abismo. Es al mismo tiempo herramienta y conflicto. Comunicaci\u00f3n y malentendido. Verdad y mentira. Habitamos en la confusi\u00f3n. Y en esa confusi\u00f3n nos jugamos la vida.<\/p>\n\n\n\n<p><\/p>\n\n\n\n<p>Con direcci\u00f3n de Carlos Nieto, m\u00fasica original de Gabriel Mores y producci\u00f3n general de Mart\u00edn Izquierdo &amp; Fen L\u00f3pez; Rol\u00f3n presenta esta propuesta teatral imperdible, que <strong>lleva m\u00e1s de 400 funciones con localidades agotadas.<\/strong><\/p>\n\n\n\n<p><\/p>\n\n\n\n<p>Las entradas ya se encuentran en venta.<\/p>\n\n\n\n<p><\/p>\n\n\n\n<p><strong>Entradas (numeradas en plateas): <\/strong>$ 49500 platea baja- $ 44000 platea alta \u2013 $ 41800 sillas de palcos- $ 39600 pullman.<\/p>\n\n\n\n<p><\/p>\n\n\n\n<p><strong>Venta en el Teatro Municipal <\/strong>(Rivadavia 2780) con tarjetas de cr\u00e9dito, d\u00e9bito y billeteras virtuales.<\/p>\n\n\n\n<p><\/p>\n\n\n\n<p><strong>Venta en Tecnocentro<\/strong> (Rivadavia 3065) en efectivo.<\/p>\n\n\n\n<p><\/p>\n\n\n\n<p><strong>Venta on line <\/strong>www.articket.com.ar con cr\u00e9dito y d\u00e9bito.<\/p>\n","protected":false},"excerpt":{"rendered":"<p>El espect\u00e1culo se realizar\u00e1 el domingo 29 de junio a las 17:30. Las entradas ya se encuentran a la venta.<\/p>\n","protected":false},"author":5,"featured_media":170325,"comment_status":"closed","ping_status":"closed","sticky":false,"template":"","format":"standard","meta":{"_jetpack_memberships_contains_paid_content":false,"footnotes":""},"categories":[9,1],"tags":[],"class_list":["post-170324","post","type-post","status-publish","format-standard","has-post-thumbnail","hentry","category-cultura","category-portada"],"jetpack_featured_media_url":"https:\/\/i0.wp.com\/cdnoticias.com\/wp-content\/uploads\/2025\/04\/Diseno-sin-titulo-3.png?fit=800%2C445&ssl=1","jetpack_sharing_enabled":true,"_links":{"self":[{"href":"https:\/\/cdnoticias.com\/index.php\/wp-json\/wp\/v2\/posts\/170324","targetHints":{"allow":["GET"]}}],"collection":[{"href":"https:\/\/cdnoticias.com\/index.php\/wp-json\/wp\/v2\/posts"}],"about":[{"href":"https:\/\/cdnoticias.com\/index.php\/wp-json\/wp\/v2\/types\/post"}],"author":[{"embeddable":true,"href":"https:\/\/cdnoticias.com\/index.php\/wp-json\/wp\/v2\/users\/5"}],"replies":[{"embeddable":true,"href":"https:\/\/cdnoticias.com\/index.php\/wp-json\/wp\/v2\/comments?post=170324"}],"version-history":[{"count":0,"href":"https:\/\/cdnoticias.com\/index.php\/wp-json\/wp\/v2\/posts\/170324\/revisions"}],"wp:featuredmedia":[{"embeddable":true,"href":"https:\/\/cdnoticias.com\/index.php\/wp-json\/wp\/v2\/media\/170325"}],"wp:attachment":[{"href":"https:\/\/cdnoticias.com\/index.php\/wp-json\/wp\/v2\/media?parent=170324"}],"wp:term":[{"taxonomy":"category","embeddable":true,"href":"https:\/\/cdnoticias.com\/index.php\/wp-json\/wp\/v2\/categories?post=170324"},{"taxonomy":"post_tag","embeddable":true,"href":"https:\/\/cdnoticias.com\/index.php\/wp-json\/wp\/v2\/tags?post=170324"}],"curies":[{"name":"wp","href":"https:\/\/api.w.org\/{rel}","templated":true}]}}