{"id":170301,"date":"2025-04-30T08:27:17","date_gmt":"2025-04-30T11:27:17","guid":{"rendered":"https:\/\/cdnoticias.com\/?p=170301"},"modified":"2025-04-30T08:27:18","modified_gmt":"2025-04-30T11:27:18","slug":"omar-donelli-q-e-p-d","status":"publish","type":"post","link":"https:\/\/cdnoticias.com\/index.php\/2025\/04\/30\/omar-donelli-q-e-p-d\/","title":{"rendered":"Omar Donelli (Q.E.P.D.)"},"content":{"rendered":"<p>Falleci\u00f3 en Olavarr\u00eda el d\u00eda 29 de abril de 2025 a los 82 a\u00f1os de edad.<\/p>\n<p>Su esposa: Maria Elena Labourdette. Sus hijos del coraz\u00f3n: Antonela y Juan Eduardo. Sus nietos del coraz\u00f3n: Bautista, India, Lucy; Valentina, Ciro y Juana. Cu\u00f1adas, cu\u00f1ados, sobrinos y dem\u00e1s familiares participan su fallecimiento.<\/p>\n<p>Velatorio: Espa\u00f1a 2942, Departamento &#8220;D&#8221;. Comienza de 8hs a 12 hs. Responso: Sin responso. Inhumaci\u00f3n: Crematorio Pinos de Paz, en d\u00eda a confirmar. <\/p>\n<p>Vecino de B\u00ba Ceco 1<\/p>\n<p>Lugar de nacimiento: Capital Federal<\/p>\n<p>Actividad que desarrollaba: Jubilado<\/p>\n","protected":false},"excerpt":{"rendered":"<p>Falleci\u00f3 en Olavarr\u00eda el d\u00eda 29 de abril de 2025 a los 82 a\u00f1os de edad. Su esposa: Maria Elena<\/p>\n","protected":false},"author":4,"featured_media":51544,"comment_status":"closed","ping_status":"closed","sticky":false,"template":"","format":"standard","meta":{"_jetpack_memberships_contains_paid_content":false,"footnotes":""},"categories":[10],"tags":[],"class_list":["post-170301","post","type-post","status-publish","format-standard","has-post-thumbnail","hentry","category-necrologicas"],"jetpack_featured_media_url":"https:\/\/i0.wp.com\/cdnoticias.com\/wp-content\/uploads\/2022\/04\/necrologicas-390-x-240.jpg?fit=390%2C240&ssl=1","jetpack_sharing_enabled":true,"_links":{"self":[{"href":"https:\/\/cdnoticias.com\/index.php\/wp-json\/wp\/v2\/posts\/170301","targetHints":{"allow":["GET"]}}],"collection":[{"href":"https:\/\/cdnoticias.com\/index.php\/wp-json\/wp\/v2\/posts"}],"about":[{"href":"https:\/\/cdnoticias.com\/index.php\/wp-json\/wp\/v2\/types\/post"}],"author":[{"embeddable":true,"href":"https:\/\/cdnoticias.com\/index.php\/wp-json\/wp\/v2\/users\/4"}],"replies":[{"embeddable":true,"href":"https:\/\/cdnoticias.com\/index.php\/wp-json\/wp\/v2\/comments?post=170301"}],"version-history":[{"count":0,"href":"https:\/\/cdnoticias.com\/index.php\/wp-json\/wp\/v2\/posts\/170301\/revisions"}],"wp:featuredmedia":[{"embeddable":true,"href":"https:\/\/cdnoticias.com\/index.php\/wp-json\/wp\/v2\/media\/51544"}],"wp:attachment":[{"href":"https:\/\/cdnoticias.com\/index.php\/wp-json\/wp\/v2\/media?parent=170301"}],"wp:term":[{"taxonomy":"category","embeddable":true,"href":"https:\/\/cdnoticias.com\/index.php\/wp-json\/wp\/v2\/categories?post=170301"},{"taxonomy":"post_tag","embeddable":true,"href":"https:\/\/cdnoticias.com\/index.php\/wp-json\/wp\/v2\/tags?post=170301"}],"curies":[{"name":"wp","href":"https:\/\/api.w.org\/{rel}","templated":true}]}}