{"id":170297,"date":"2025-04-29T20:00:40","date_gmt":"2025-04-29T23:00:40","guid":{"rendered":"https:\/\/cdnoticias.com\/?p=170297"},"modified":"2025-04-30T09:52:18","modified_gmt":"2025-04-30T12:52:18","slug":"se-firmo-la-paritaria-mercantil-suba-del-54-en-tres-tramos-y-suma-fija-no-remunerativa","status":"publish","type":"post","link":"https:\/\/cdnoticias.com\/index.php\/2025\/04\/29\/se-firmo-la-paritaria-mercantil-suba-del-54-en-tres-tramos-y-suma-fija-no-remunerativa\/","title":{"rendered":"Se firm\u00f3 la paritaria mercantil: suba del 5,4% en tres tramos y suma fija no remunerativa"},"content":{"rendered":"\n<p>Ser\u00e1 para abril, mayo y junio. Tambi\u00e9n acordaron cifras entre 35 y 40 mil pesos mensuales.<\/p>\n\n\n\n<hr class=\"wp-block-separator aligncenter has-alpha-channel-opacity\"\/>\n\n\n\n<p>La C\u00e1mara Argentina de Comercio y Servicios (CAC), la Confederaci\u00f3n Argentina de la Mediana Empresa (CAME), la Uni\u00f3n de Entidades Comerciales Argentinas (UDECA) y la <strong>Federaci\u00f3n Argentina de Empleados de Comercio y Servicios (FAECyS) firmaron un nuevo acuerdo salarial para los trabajadores mercantiles bajo el convenio colectivo 130\/75.<\/strong><\/p>\n\n\n\n<p>El entendimiento contempla<strong> un aumento no remunerativo del 5,4%, que se aplicar\u00e1 sobre las escalas salariales b\u00e1sicas del mes de marzo de 2025. El incremento ser\u00e1 abonado en tres tramos no acumulativos:<\/strong> 1,9% en abril, 1,8% en mayo, y 1,7% en junio.<\/p>\n\n\n\n<p>A su vez, se estableci\u00f3 que<strong> dichos aumentos se incorporar\u00e1n al salario b\u00e1sico en los meses siguientes al pago: el tramo de abril en mayo, el de mayo en junio y el de junio en julio.<\/strong><\/p>\n\n\n\n<p>Adem\u00e1s, las partes acordaron una suma fija no remunerativa, a pagarse tambi\u00e9n de forma escalonada: <strong>$35.000 en abril, $40.000 en mayo, y otros $40.000 en junio, que se integrar\u00e1n al b\u00e1sico en julio.<\/strong><\/p>\n\n\n\n<p>El acuerdo tiene vigencia <strong>desde el 1\u00b0 de abril de 2025 hasta el 31 de marzo de 2026, aunque se fij\u00f3 una revisi\u00f3n en julio pr\u00f3ximo para evaluar la evoluci\u00f3n econ\u00f3mica y posibles ajustes.<\/strong><\/p>\n\n\n\n<p>Por otra parte, se aclar\u00f3 que<strong> lo pactado no es vinculante para los convenios salariales en la ciudad de R\u00edo Grande, en Tierra del Fuego, aunque las sumas resultantes constituir\u00e1n el m\u00ednimo convencional a partir de la homologaci\u00f3n del acuerdo.<\/strong><\/p>\n\n\n\n<p>Este nuevo entendimiento se da como <em>&#8220;parte del compromiso asumido por las partes el pasado 24 de enero, donde se estableci\u00f3 una cl\u00e1usula de revisi\u00f3n frente a posibles variaciones econ\u00f3micas, algo que efectivamente se activ\u00f3 en esta ocasi\u00f3n&#8221;.<\/em><\/p>\n","protected":false},"excerpt":{"rendered":"<p>Ser\u00e1 para abril, mayo y junio. Tambi\u00e9n acordaron cifras entre 35 y 40 mil pesos mensuales. La C\u00e1mara Argentina de<\/p>\n","protected":false},"author":2,"featured_media":168367,"comment_status":"closed","ping_status":"closed","sticky":false,"template":"","format":"standard","meta":{"_jetpack_memberships_contains_paid_content":false,"footnotes":""},"categories":[5,1],"tags":[],"class_list":["post-170297","post","type-post","status-publish","format-standard","has-post-thumbnail","hentry","category-informacion-general","category-portada"],"jetpack_featured_media_url":"https:\/\/i0.wp.com\/cdnoticias.com\/wp-content\/uploads\/2025\/04\/comercio-minorista.jpg?fit=800%2C451&ssl=1","jetpack_sharing_enabled":true,"_links":{"self":[{"href":"https:\/\/cdnoticias.com\/index.php\/wp-json\/wp\/v2\/posts\/170297","targetHints":{"allow":["GET"]}}],"collection":[{"href":"https:\/\/cdnoticias.com\/index.php\/wp-json\/wp\/v2\/posts"}],"about":[{"href":"https:\/\/cdnoticias.com\/index.php\/wp-json\/wp\/v2\/types\/post"}],"author":[{"embeddable":true,"href":"https:\/\/cdnoticias.com\/index.php\/wp-json\/wp\/v2\/users\/2"}],"replies":[{"embeddable":true,"href":"https:\/\/cdnoticias.com\/index.php\/wp-json\/wp\/v2\/comments?post=170297"}],"version-history":[{"count":0,"href":"https:\/\/cdnoticias.com\/index.php\/wp-json\/wp\/v2\/posts\/170297\/revisions"}],"wp:featuredmedia":[{"embeddable":true,"href":"https:\/\/cdnoticias.com\/index.php\/wp-json\/wp\/v2\/media\/168367"}],"wp:attachment":[{"href":"https:\/\/cdnoticias.com\/index.php\/wp-json\/wp\/v2\/media?parent=170297"}],"wp:term":[{"taxonomy":"category","embeddable":true,"href":"https:\/\/cdnoticias.com\/index.php\/wp-json\/wp\/v2\/categories?post=170297"},{"taxonomy":"post_tag","embeddable":true,"href":"https:\/\/cdnoticias.com\/index.php\/wp-json\/wp\/v2\/tags?post=170297"}],"curies":[{"name":"wp","href":"https:\/\/api.w.org\/{rel}","templated":true}]}}