{"id":170293,"date":"2025-04-29T19:12:59","date_gmt":"2025-04-29T22:12:59","guid":{"rendered":"https:\/\/cdnoticias.com\/?p=170293"},"modified":"2025-04-29T19:13:01","modified_gmt":"2025-04-29T22:13:01","slug":"coopelectric-realizara-cortes-parciales-por-trabajos-de-una-perdida-de-agua","status":"publish","type":"post","link":"https:\/\/cdnoticias.com\/index.php\/2025\/04\/29\/coopelectric-realizara-cortes-parciales-por-trabajos-de-una-perdida-de-agua\/","title":{"rendered":"Coopelectric realizar\u00e1 cortes parciales por trabajos de una p\u00e9rdida de agua"},"content":{"rendered":"\n<p>Ser\u00e1 en Pringles esquina \u00c1lvaro Barros este mi\u00e9rcoles por la ma\u00f1ana. \u201cSugerimos transitar con precauci\u00f3n en esa zona\u201d.<\/p>\n\n\n\n<hr class=\"wp-block-separator aligncenter has-alpha-channel-opacity\"\/>\n\n\n\n<p>Coopelectric inform\u00f3 que <strong>para poder reparar una p\u00e9rdida de agua en avenida Pringles esquina \u00c1lvaro Barros, el pr\u00f3ximo mi\u00e9rcoles 30 de abril a partir de las 08:30 horas el personal de Coopelectric realizar\u00e1 tareas en media calzada de Avda. Pringles,<\/strong> mano que va desde avenida Col\u00f3n hacia avenida Del Valle.<\/p>\n\n\n\n<p><em><strong>\u201cDebido a que dicha calzada se ver\u00e1 reducida, sugerimos transitar con precauci\u00f3n en esa zona\u201d<\/strong><\/em> indicaron en un comunicado.<\/p>\n\n\n\n<p>Se estima que<strong> las tareas de reparaci\u00f3n se extender\u00e1n hasta las 12:00 horas aproximadamente.<\/strong><\/p>\n\n\n\n<p><\/p>\n","protected":false},"excerpt":{"rendered":"<p>Ser\u00e1 en Pringles esquina \u00c1lvaro Barros este mi\u00e9rcoles por la ma\u00f1ana. \u201cSugerimos transitar con precauci\u00f3n en esa zona\u201d. Coopelectric inform\u00f3<\/p>\n","protected":false},"author":2,"featured_media":83306,"comment_status":"closed","ping_status":"closed","sticky":false,"template":"","format":"standard","meta":{"_jetpack_memberships_contains_paid_content":false,"footnotes":""},"categories":[5,1],"tags":[],"class_list":["post-170293","post","type-post","status-publish","format-standard","has-post-thumbnail","hentry","category-informacion-general","category-portada"],"jetpack_featured_media_url":"https:\/\/i0.wp.com\/cdnoticias.com\/wp-content\/uploads\/2023\/04\/obras-sanitarias-coopelectric-02.jpg?fit=800%2C445&ssl=1","jetpack_sharing_enabled":true,"_links":{"self":[{"href":"https:\/\/cdnoticias.com\/index.php\/wp-json\/wp\/v2\/posts\/170293","targetHints":{"allow":["GET"]}}],"collection":[{"href":"https:\/\/cdnoticias.com\/index.php\/wp-json\/wp\/v2\/posts"}],"about":[{"href":"https:\/\/cdnoticias.com\/index.php\/wp-json\/wp\/v2\/types\/post"}],"author":[{"embeddable":true,"href":"https:\/\/cdnoticias.com\/index.php\/wp-json\/wp\/v2\/users\/2"}],"replies":[{"embeddable":true,"href":"https:\/\/cdnoticias.com\/index.php\/wp-json\/wp\/v2\/comments?post=170293"}],"version-history":[{"count":0,"href":"https:\/\/cdnoticias.com\/index.php\/wp-json\/wp\/v2\/posts\/170293\/revisions"}],"wp:featuredmedia":[{"embeddable":true,"href":"https:\/\/cdnoticias.com\/index.php\/wp-json\/wp\/v2\/media\/83306"}],"wp:attachment":[{"href":"https:\/\/cdnoticias.com\/index.php\/wp-json\/wp\/v2\/media?parent=170293"}],"wp:term":[{"taxonomy":"category","embeddable":true,"href":"https:\/\/cdnoticias.com\/index.php\/wp-json\/wp\/v2\/categories?post=170293"},{"taxonomy":"post_tag","embeddable":true,"href":"https:\/\/cdnoticias.com\/index.php\/wp-json\/wp\/v2\/tags?post=170293"}],"curies":[{"name":"wp","href":"https:\/\/api.w.org\/{rel}","templated":true}]}}