{"id":170266,"date":"2025-04-29T17:01:01","date_gmt":"2025-04-29T20:01:01","guid":{"rendered":"https:\/\/cdnoticias.com\/?p=170266"},"modified":"2025-04-29T17:01:03","modified_gmt":"2025-04-29T20:01:03","slug":"coopelectric-gran-marco-de-publico-en-la-charla-de-pablo-messineo","status":"publish","type":"post","link":"https:\/\/cdnoticias.com\/index.php\/2025\/04\/29\/coopelectric-gran-marco-de-publico-en-la-charla-de-pablo-messineo\/","title":{"rendered":"Coopelectric: gran marco de p\u00fablico en la charla de Pablo Messineo\u00a0"},"content":{"rendered":"\n<p>El Dr. Messineo se refiri\u00f3 a la importancia de la arqueolog\u00eda. Durante la charla se expusieron los principales resultados de las investigaciones arqueol\u00f3gicas que se han efectuado en Olavarr\u00eda y alrededores.<\/p>\n\n\n\n<hr class=\"wp-block-separator aligncenter has-alpha-channel-opacity\"\/>\n\n\n\n<p>Ante un gran marco de p\u00fablico, d\u00edas atr\u00e1s se realiz\u00f3 en Coopelectric la charla \u201c<em><strong>\u00bfQu\u00e9 nos cuenta la arqueolog\u00eda sobre la forma de vida de los grupos humanos en el pasado?\u201d\u00a0<\/strong><\/em> dictada por el Doctor en Ciencias Naturales, Investigador Independiente del CONICET y docente de la Facultad de Ciencias Sociales de la UNICEN, <strong>Pablo Messineo.<\/strong><\/p>\n\n\n\n<p><\/p>\n\n\n\n<p>La claridad y el dinamismo del disertante promovi\u00f3 un espacio de <strong>enriquecimiento cultural <\/strong>en el que <strong>se puso en valor la divulgaci\u00f3n cient\u00edfica, la democratizaci\u00f3n del conocimiento y la conexi\u00f3n de la ciencia con la comunidad.<\/strong><\/p>\n\n\n\n<p><\/p>\n\n\n\n<p>En primer lugar, el Dr. Messineo se refiri\u00f3 a la importancia de la arqueolog\u00eda:<em> \u201cA trav\u00e9s de materiales que se generaron en el pasado y que recuperamos cuando hacemos excavaciones arqueol\u00f3gicas, inferimos cu\u00e1les podr\u00edan haber sido las actividades que realizaron los grupos humanos\u201d<\/em> explic\u00f3.<\/p>\n\n\n\n<p><\/p>\n\n\n\n<p>Para ello, se recurre a la informaci\u00f3n obtenida tanto de trabajos experimentales, de investigaciones etnoarqueol\u00f3gicas y del trabajo interdisciplinario para poder entender la forma de vida de las poblaciones que vivieron hace cientos o miles de a\u00f1os.<\/p>\n\n\n\n<p><\/p>\n\n\n\n<blockquote class=\"wp-block-quote is-layout-flow wp-block-quote-is-layout-flow\">\n<p>Durante la charla se expusieron los principales resultados de las investigaciones arqueol\u00f3gicas que se han efectuado en Olavarr\u00eda y alrededores. Uno de los ejes estuvo centrado en las ocupaciones humanas m\u00e1s antiguas en el interior de los pastizales pampeanos y cu\u00e1les fueron los recursos explotados por estos grupos.<\/p>\n<\/blockquote>\n\n\n\n<p><\/p>\n\n\n\n<p>\u201cLa ocupaci\u00f3n de la regi\u00f3n pampeana, se dio bajo condiciones clim\u00e1ticas muy diferentes porque est\u00e1bamos saliendo de un proceso glaciario. Cuando llegaron los primeros grupos a estos sectores del paisaje lo hicieron bajo condiciones mucho m\u00e1s fr\u00edas y \u00e1ridas de las que conocemos hoy en d\u00eda\u201d sostuvo el investigador.<\/p>\n\n\n\n<p><\/p>\n\n\n\n<p>En ese punto, se aboc\u00f3 a dos sitios arqueol\u00f3gicos de la zona: Campo Laborde ubicado en las nacientes del<strong> Arroyo Tapalqu\u00e9<\/strong> y La Moderna en la naciente del <strong>Arroyo Azul. <\/strong>Recorri\u00f3 la historia de investigaci\u00f3n de cada uno de estos sitios, ilustrando su explicaci\u00f3n a trav\u00e9s de un <strong>valioso archivo fotogr\u00e1fico.<\/strong><\/p>\n\n\n\n<p><\/p>\n\n\n\n<p>Respecto del sitio La Moderna, mencion\u00f3 que<strong> en 2020 comenz\u00f3 a reexcavarse, pero ello qued\u00f3 truncado por la pandemia<\/strong> y al flexibilizarse las medidas, el sitio qued\u00f3 bajo agua por ubicarse en cercan\u00edas de napas fre\u00e1ticas. No obstante, Messineo manifest\u00f3 el inter\u00e9s por<strong> retomar la tarea cuando las condiciones lo permitan.<\/strong><\/p>\n\n\n\n<p><\/p>\n\n\n\n<blockquote class=\"wp-block-quote is-layout-flow wp-block-quote-is-layout-flow\">\n<p>\u201cLa informaci\u00f3n provista por las investigaciones realizadas en Campo Laborde y La Moderna, aportan su grano de arena para discutir los modelos de poblamiento que se tratan a nivel continental\u201d sostuvo dando cuenta de la relevancia internacional de estas evidencias e investigaciones, y agreg\u00f3: \u201cotro de los temas que nos permiten discutir es si en estos sitios tempranos la megafauna fue cazada o carro\u00f1ada; y c\u00f3mo fue el proceso de extinci\u00f3n de la megafauna pleistoc\u00e9nica\u201d.<\/p>\n<\/blockquote>\n\n\n\n<p><\/p>\n\n\n\n<p>Otro de los ejes propuestos se vincul\u00f3 con los <strong>sitios descubiertos en las sierras de Olavarr\u00eda,<\/strong> un sector que durante m\u00e1s de 12000 a\u00f1os funcion\u00f3 como espacio para adquirir rocas, pigmentos, arcillas y variados recursos animales y vegetales por parte de las poblaciones ind\u00edgenas.<\/p>\n\n\n\n<p><\/p>\n\n\n\n<p>Aqu\u00ed se\u00f1al\u00f3 dos sectores importantes que se utilizaron para adquirir rocas y confeccionar herramientas:<strong> las sierras de Curic\u00f3 y las Sierras Bayas. <\/strong>\u201cEstos lugares no s\u00f3lo eran visitados por adultos. C\u00f3mo explotar o trabajar las rocas era un acto de aprendizaje, entonces seguramente ni\u00f1os y adolescentes viajaban a las sierras y aprend\u00edan de los adultos\u201d explic\u00f3.<\/p>\n\n\n\n<p><\/p>\n\n\n\n<p>Tambi\u00e9n manifest\u00f3 que posiblemente los grupos pernoctaran en sectores de refugio reducido. \u201c<strong><em>Viajaban a las sierras para obtener las rocas, pero como quedaban lejos de los campamentos, en alg\u00fan momento pasaban un tiempo en esos lugares para aprovisionarse\u201d<\/em><\/strong> indic\u00f3 Messineo.<\/p>\n\n\n\n<p><\/p>\n\n\n\n<blockquote class=\"wp-block-quote is-layout-flow wp-block-quote-is-layout-flow\">\n<p>\u201cEstos sitios tambi\u00e9n nos ense\u00f1an sobre la diversidad de rocas que explotaron los grupos humanos en el pasado. En Olavarr\u00eda tenemos tres variedades muy importantes como la cuarcita, ftanita y dolom\u00eda silicificada, que se utilizaron para hacer instrumentos tallados. Son rocas locales que nos permiten conocer c\u00f3mo fueron los procesos de selecci\u00f3n, talla y c\u00f3mo fueron usadas por los grupos humanos en diferentes momentos\u201d.<\/p>\n<\/blockquote>\n\n\n\n<p><\/p>\n\n\n\n<p>Otro dato relevante es el viaje de las rocas por grandes distancias. \u201cSabemos que las rocas de las sierras de Olavarr\u00eda viajaron en algunos casos aproximadamente 300, 400 o 500 km&#8221; destac\u00f3. Las rocas que aparec\u00edan en el sector noroccidental de tandilia, Olavarr\u00eda, las sierras de Curic\u00f3 y Sierras Bayas, fueron muy importantes para las poblaciones ind\u00edgenas en diferentes \u00e1mbitos de la provincia de Buenos Aires, de La Pampa, sur de Santa Fe y sur de C\u00f3rdoba.<\/p>\n\n\n\n<p><\/p>\n\n\n\n<p><em>\u201cEsto nos genera muchos interrogantes. Posiblemente nos pueda explicar la presencia de intercambio e interacciones sociales entre grupos que estaban ocupando diferentes sectores de los pastizales pampeanos\u201d <\/em>se\u00f1al\u00f3.<\/p>\n\n\n\n<p><\/p>\n\n\n\n<blockquote class=\"wp-block-quote is-layout-flow wp-block-quote-is-layout-flow\">\n<p>El \u00faltimo eje de la charla consisti\u00f3 en las ocupaciones ind\u00edgenas previas a la conquista hispano-ind\u00edgena, correspondiente al per\u00edodo denominado Holoceno tard\u00edo: \u201cEn los \u00faltimos 2500 a\u00f1os hay mayor cantidad de poblaci\u00f3n ind\u00edgena en estos territorios y mayores innovaciones tecnol\u00f3gicas\u201d explic\u00f3 Messineo.<\/p>\n<\/blockquote>\n\n\n\n<p><\/p>\n\n\n\n<p>Comparado con el poblamiento inicial en el que hab\u00eda solamente dos sitios, en este per\u00edodo aparecen decenas de sitios arqueol\u00f3gicos que est\u00e1n atestiguando la mayor cantidad de poblaci\u00f3n. Hay varios sitios en<strong> Bol\u00edvar, Lamadrid, Olavarr\u00eda, Benito Ju\u00e1rez, Tapalqu\u00e9,<\/strong> en los que se est\u00e1n realizando investigaciones. Aqu\u00ed se destaca por ejemplo el sitio Empalme Querand\u00edes y Calera que ha sido interpretado como un sitio ritual.<\/p>\n\n\n\n<p><\/p>\n\n\n\n<p>\u201cVemos que en los \u00faltimos 3 mil y 2 mil a\u00f1os hay nuevas innovaciones tecnol\u00f3gicas como el arco y flecha que permite acceder a otro tipo de recursos porque cambian las estrategias de caza; la tecnolog\u00eda cer\u00e1mica no s\u00f3lo aparece como un elemento que permite procesar y cocinar los alimentos de otras formas, sino que tambi\u00e9n se videncia en la decoraci\u00f3n un v\u00ednculo de comunicaci\u00f3n entre individuos y por \u00faltimo la importancia de las interacciones sociales con grupos alejados que se evidencia en los registros materiales y gen\u00e9ticos\u201d concluy\u00f3 Messineo.<\/p>\n\n\n\n<p><\/p>\n\n\n\n<p>Al finalizar el encuentro se invit\u00f3 a los presentes a visitar <strong>la muestra que se encuentra exhibida en el Museo de Ciencias Naturales de Olavarr\u00eda <\/strong>y luego el disertante contest\u00f3 las preguntas realizadas por los presentes.<\/p>\n\n\n\n<p><\/p>\n","protected":false},"excerpt":{"rendered":"<p>El Dr. Messineo se refiri\u00f3 a la importancia de la arqueolog\u00eda. Durante la charla se expusieron los principales resultados de<\/p>\n","protected":false},"author":6,"featured_media":170267,"comment_status":"closed","ping_status":"closed","sticky":false,"template":"","format":"standard","meta":{"_jetpack_memberships_contains_paid_content":false,"footnotes":""},"categories":[5,1],"tags":[],"class_list":["post-170266","post","type-post","status-publish","format-standard","has-post-thumbnail","hentry","category-informacion-general","category-portada"],"jetpack_featured_media_url":"https:\/\/i0.wp.com\/cdnoticias.com\/wp-content\/uploads\/2025\/04\/coopelectric-charla-coopelectric.png?fit=890%2C542&ssl=1","jetpack_sharing_enabled":true,"_links":{"self":[{"href":"https:\/\/cdnoticias.com\/index.php\/wp-json\/wp\/v2\/posts\/170266","targetHints":{"allow":["GET"]}}],"collection":[{"href":"https:\/\/cdnoticias.com\/index.php\/wp-json\/wp\/v2\/posts"}],"about":[{"href":"https:\/\/cdnoticias.com\/index.php\/wp-json\/wp\/v2\/types\/post"}],"author":[{"embeddable":true,"href":"https:\/\/cdnoticias.com\/index.php\/wp-json\/wp\/v2\/users\/6"}],"replies":[{"embeddable":true,"href":"https:\/\/cdnoticias.com\/index.php\/wp-json\/wp\/v2\/comments?post=170266"}],"version-history":[{"count":0,"href":"https:\/\/cdnoticias.com\/index.php\/wp-json\/wp\/v2\/posts\/170266\/revisions"}],"wp:featuredmedia":[{"embeddable":true,"href":"https:\/\/cdnoticias.com\/index.php\/wp-json\/wp\/v2\/media\/170267"}],"wp:attachment":[{"href":"https:\/\/cdnoticias.com\/index.php\/wp-json\/wp\/v2\/media?parent=170266"}],"wp:term":[{"taxonomy":"category","embeddable":true,"href":"https:\/\/cdnoticias.com\/index.php\/wp-json\/wp\/v2\/categories?post=170266"},{"taxonomy":"post_tag","embeddable":true,"href":"https:\/\/cdnoticias.com\/index.php\/wp-json\/wp\/v2\/tags?post=170266"}],"curies":[{"name":"wp","href":"https:\/\/api.w.org\/{rel}","templated":true}]}}