{"id":170234,"date":"2025-04-29T09:26:38","date_gmt":"2025-04-29T12:26:38","guid":{"rendered":"https:\/\/cdnoticias.com\/?p=170234"},"modified":"2025-04-29T13:04:45","modified_gmt":"2025-04-29T16:04:45","slug":"pedro-ernesto-arhancetbehere-el-vasco-q-e-p-d","status":"publish","type":"post","link":"https:\/\/cdnoticias.com\/index.php\/2025\/04\/29\/pedro-ernesto-arhancetbehere-el-vasco-q-e-p-d\/","title":{"rendered":"Pedro Ernesto Arhancetbehere &#8220;El Vasco&#8221; (Q.E.P.D.)"},"content":{"rendered":"<p>Falleci\u00f3 en Olavarr\u00eda el d\u00eda 29 de abril de 2025 a los 89 a\u00f1os de edad.<\/p>\n<p>Su compa\u00f1era Mariana Irigoin.\u00a0Sus hijos: Javier y Gustavo. Sus hijos pol\u00edticos: Mar\u00eda In\u00e9s Dari, Clarisa Barrionuevo y Ceclia Comelli. Sus nietos: Gast\u00f3n, Blas, I\u00f1aki, Juliana, Juan Jose y Mateo; sobrinos y dem\u00e1s deudos participan su fallecimiento.<\/p>\n<p>Velatorio: Espa\u00f1a 2942, Departamento &#8220;B&#8221;. Comienza de 15 hs a 20 hs. Responso: Capilla Ardiente. Inhumaci\u00f3n: Crematorio Pinos de Paz, mi\u00e9rcoles 30 de abril a las 15:30 horas. Servicio adherido a Coopelectric.<\/p>\n<p>Barrio en el que viv\u00eda: vecino del Barrio Jard\u00edn<\/p>\n<p>Lugar de nacimiento: Lincoln<\/p>\n<p>Actividad que desarrollaba: jubilado de Loma Negra Ciasa<\/p>\n","protected":false},"excerpt":{"rendered":"<p>Falleci\u00f3 en Olavarr\u00eda el d\u00eda 29 de abril de 2025 a los 89 a\u00f1os de edad. Su compa\u00f1era Mariana Irigoin.\u00a0Sus<\/p>\n","protected":false},"author":4,"featured_media":51544,"comment_status":"closed","ping_status":"closed","sticky":false,"template":"","format":"standard","meta":{"_jetpack_memberships_contains_paid_content":false,"footnotes":""},"categories":[10],"tags":[],"class_list":["post-170234","post","type-post","status-publish","format-standard","has-post-thumbnail","hentry","category-necrologicas"],"jetpack_featured_media_url":"https:\/\/i0.wp.com\/cdnoticias.com\/wp-content\/uploads\/2022\/04\/necrologicas-390-x-240.jpg?fit=390%2C240&ssl=1","jetpack_sharing_enabled":true,"_links":{"self":[{"href":"https:\/\/cdnoticias.com\/index.php\/wp-json\/wp\/v2\/posts\/170234","targetHints":{"allow":["GET"]}}],"collection":[{"href":"https:\/\/cdnoticias.com\/index.php\/wp-json\/wp\/v2\/posts"}],"about":[{"href":"https:\/\/cdnoticias.com\/index.php\/wp-json\/wp\/v2\/types\/post"}],"author":[{"embeddable":true,"href":"https:\/\/cdnoticias.com\/index.php\/wp-json\/wp\/v2\/users\/4"}],"replies":[{"embeddable":true,"href":"https:\/\/cdnoticias.com\/index.php\/wp-json\/wp\/v2\/comments?post=170234"}],"version-history":[{"count":0,"href":"https:\/\/cdnoticias.com\/index.php\/wp-json\/wp\/v2\/posts\/170234\/revisions"}],"wp:featuredmedia":[{"embeddable":true,"href":"https:\/\/cdnoticias.com\/index.php\/wp-json\/wp\/v2\/media\/51544"}],"wp:attachment":[{"href":"https:\/\/cdnoticias.com\/index.php\/wp-json\/wp\/v2\/media?parent=170234"}],"wp:term":[{"taxonomy":"category","embeddable":true,"href":"https:\/\/cdnoticias.com\/index.php\/wp-json\/wp\/v2\/categories?post=170234"},{"taxonomy":"post_tag","embeddable":true,"href":"https:\/\/cdnoticias.com\/index.php\/wp-json\/wp\/v2\/tags?post=170234"}],"curies":[{"name":"wp","href":"https:\/\/api.w.org\/{rel}","templated":true}]}}