{"id":170229,"date":"2025-04-29T09:07:09","date_gmt":"2025-04-29T12:07:09","guid":{"rendered":"https:\/\/cdnoticias.com\/?p=170229"},"modified":"2025-04-29T12:44:45","modified_gmt":"2025-04-29T15:44:45","slug":"ypf-anuncio-que-baja-4-el-precio-de-los-combustibles-a-partir-del-1-de-mayo","status":"publish","type":"post","link":"https:\/\/cdnoticias.com\/index.php\/2025\/04\/29\/ypf-anuncio-que-baja-4-el-precio-de-los-combustibles-a-partir-del-1-de-mayo\/","title":{"rendered":"YPF anunci\u00f3 que baja 4% el precio de los combustibles a partir del 1 de mayo"},"content":{"rendered":"<p>As\u00ed lo informaron desde la petrolera estatal en un comunicado y tambi\u00e9n su presidente, Horacio Mar\u00edn.<!--more--><\/p>\n<hr \/>\n<p>Desde <strong>la petrolera estatal YPF<\/strong> anunciaron este martes que <strong>el precio de los combustibles -la nafta y el gasoil- bajar\u00e1 4%<\/strong> en promedio<strong> a partir del pr\u00f3ximo jueves 1 de mayo<\/strong> en todo el pa\u00eds. As\u00ed lo informaron desde la empresa en un comunicado y tambi\u00e9n lo coment\u00f3 su presidente, Horacio Mar\u00edn.<\/p>\n<blockquote><p>\u201cA partir del 1 de mayo, que es el D\u00eda del Trabajador, YPF va a bajar el promedio de los combustibles 4%. Es la segunda vez que yo lo hago [reducir los valores]\u201d, indic\u00f3 Mar\u00edn en Radio Mitre.<\/p><\/blockquote>\n<p>Dijo tambi\u00e9n que en la compa\u00f1\u00eda tienen un <strong>\u201ccompromiso t\u00e1cito\u201d con los consumidores<\/strong>, que se gu\u00eda por el siguiente precepto, seg\u00fan plante\u00f3:<strong> \u201cCuando hay que bajar la nafta, la bajamos; pero cuando hay que subirla, tambi\u00e9n la vamos a subir&#8221;.<\/strong><\/p>\n<p>Adem\u00e1s, record\u00f3 que los precios de los combustibles se basan en cuatro par\u00e1metros: el tipo de cambio, el precio del petr\u00f3leo, el de los biocombustibles y los impuestos.<\/p>\n<p><img data-recalc-dims=\"1\" loading=\"lazy\" decoding=\"async\" class=\"size-full wp-image-56164 aligncenter\" src=\"https:\/\/i0.wp.com\/cdnoticias.com\/wp-content\/uploads\/2022\/06\/dib-camion-ypf-combustible.jpg?resize=800%2C445&#038;ssl=1\" alt=\"\" width=\"800\" height=\"445\" srcset=\"https:\/\/i0.wp.com\/cdnoticias.com\/wp-content\/uploads\/2022\/06\/dib-camion-ypf-combustible.jpg?w=800&amp;ssl=1 800w, https:\/\/i0.wp.com\/cdnoticias.com\/wp-content\/uploads\/2022\/06\/dib-camion-ypf-combustible.jpg?resize=300%2C167&amp;ssl=1 300w, https:\/\/i0.wp.com\/cdnoticias.com\/wp-content\/uploads\/2022\/06\/dib-camion-ypf-combustible.jpg?resize=768%2C427&amp;ssl=1 768w\" sizes=\"auto, (max-width: 800px) 100vw, 800px\" \/><\/p>\n<p>Mientras tanto, desde la empresa estatal emitieron el<strong> comunicado<\/strong> en el que remarcaron que esta es<strong> \u201cla segunda baja en los precios en menos de un a\u00f1o<\/strong>, ya que la anterior <a href=\"https:\/\/cdnoticias.com\/index.php\/2024\/10\/01\/bajo-el-combustible-en-las-ypf-de-olavarria-un-promedio-de-19-pesos\/\" target=\"_blank\" rel=\"noopener\">se implement\u00f3 en octubre de 2024<\/a>\u2033. Al respecto de eso, Mar\u00edn hab\u00eda recordado que no se not\u00f3 tanto el impacto porque en ese entonces tambi\u00e9n hubo un incremento del impuesto a los combustibles.<\/p>\n<blockquote><p>\u201cEsta decisi\u00f3n [la de bajar el precio de la nafta y el gasoil] se toma a partir del monitoreo constante de variables clave que realiza la compa\u00f1\u00eda para definir su pol\u00edtica de precios, como son el valor internacional del Brent, el tipo de cambio, la carga impositiva y el precio de los biocombustibles. De esta manera, YPF cumple con el compromiso asumido de ofrecer productos de la m\u00e1s alta calidad del mercado y con el acuerdo de precios con sus consumidores\u201d, indicaron en la nota de prensa.<\/p><\/blockquote>\n<h3>El contexto<\/h3>\n<p><strong>A principios de este mes, desde Nueva York<\/strong>, donde present\u00f3 el plan de inversiones de la compa\u00f1\u00eda para los pr\u00f3ximos cinco a\u00f1os,<strong> Mar\u00edn ya hab\u00eda adelantado<\/strong> que si el monto del barril de petr\u00f3leo se manten\u00eda en torno a los US$64 <strong>bajar\u00eda los precios de los combustibles en la Argentina.<\/strong><\/p>\n<p><img data-recalc-dims=\"1\" loading=\"lazy\" decoding=\"async\" class=\"size-full wp-image-16297 aligncenter\" src=\"https:\/\/i0.wp.com\/cdnoticias.com\/wp-content\/uploads\/2021\/03\/ypf-cola.jpg?resize=800%2C445&#038;ssl=1\" alt=\"\" width=\"800\" height=\"445\" srcset=\"https:\/\/i0.wp.com\/cdnoticias.com\/wp-content\/uploads\/2021\/03\/ypf-cola.jpg?w=800&amp;ssl=1 800w, https:\/\/i0.wp.com\/cdnoticias.com\/wp-content\/uploads\/2021\/03\/ypf-cola.jpg?resize=300%2C167&amp;ssl=1 300w, https:\/\/i0.wp.com\/cdnoticias.com\/wp-content\/uploads\/2021\/03\/ypf-cola.jpg?resize=768%2C427&amp;ssl=1 768w\" sizes=\"auto, (max-width: 800px) 100vw, 800px\" \/><\/p>\n<p>Desde el 2 de abril, cuando el presidente de Estados Unidos, Donald Trump, anunci\u00f3 la suba generalizada de aranceles, el Brent -es decir, la cotizaci\u00f3n internacional del barril de petr\u00f3leo que se toma de referencia en la Argentina- cay\u00f3 de US$75 a los US$64 actuales. Incluso, tuvo d\u00edas en que perfor\u00f3 el piso de US$60, algo que no suced\u00eda desde enero de 2021.<\/p>\n<p>Esa ca\u00edda del Brent se debe a que los analistas econ\u00f3micos esperan para este a\u00f1o un menor crecimiento econ\u00f3mico mundial por la guerra comercial, que genera incertidumbre y paraliza los proyectos de inversi\u00f3n.<\/p>\n<p><a href=\"https:\/\/cdnoticias.com\/index.php\/2025\/04\/01\/las-naftas-aumentaron-175-promedio-los-precios-en-ypf-de-olavarria\/\" target=\"_blank\" rel=\"noopener\">La \u00faltima suba de precios se aplic\u00f3 en abril<\/a>. Actualmente, el litro de nafta s\u00faper de YPF en Olavarr\u00eda cuesta 1.297 pesos y de Infinia, 1.553 pesos. El Di\u00e9sel se ubica en 1.302 pesos e Infinia Di\u00e9sel tiene un calor de 1.520 pesos por litro.<\/p>\n<p>Fuente: <em>La Naci\u00f3n<\/em><\/p>\n","protected":false},"excerpt":{"rendered":"<p>As\u00ed lo informaron desde la petrolera estatal en un comunicado y tambi\u00e9n su presidente, Horacio Mar\u00edn.<\/p>\n","protected":false},"author":4,"featured_media":119641,"comment_status":"closed","ping_status":"closed","sticky":false,"template":"","format":"standard","meta":{"_jetpack_memberships_contains_paid_content":false,"footnotes":""},"categories":[5,1],"tags":[],"class_list":["post-170229","post","type-post","status-publish","format-standard","has-post-thumbnail","hentry","category-informacion-general","category-portada"],"jetpack_featured_media_url":"https:\/\/i0.wp.com\/cdnoticias.com\/wp-content\/uploads\/2024\/07\/aumento-combustibles-nafta-ypf-01.jpg?fit=800%2C445&ssl=1","jetpack_sharing_enabled":true,"_links":{"self":[{"href":"https:\/\/cdnoticias.com\/index.php\/wp-json\/wp\/v2\/posts\/170229","targetHints":{"allow":["GET"]}}],"collection":[{"href":"https:\/\/cdnoticias.com\/index.php\/wp-json\/wp\/v2\/posts"}],"about":[{"href":"https:\/\/cdnoticias.com\/index.php\/wp-json\/wp\/v2\/types\/post"}],"author":[{"embeddable":true,"href":"https:\/\/cdnoticias.com\/index.php\/wp-json\/wp\/v2\/users\/4"}],"replies":[{"embeddable":true,"href":"https:\/\/cdnoticias.com\/index.php\/wp-json\/wp\/v2\/comments?post=170229"}],"version-history":[{"count":0,"href":"https:\/\/cdnoticias.com\/index.php\/wp-json\/wp\/v2\/posts\/170229\/revisions"}],"wp:featuredmedia":[{"embeddable":true,"href":"https:\/\/cdnoticias.com\/index.php\/wp-json\/wp\/v2\/media\/119641"}],"wp:attachment":[{"href":"https:\/\/cdnoticias.com\/index.php\/wp-json\/wp\/v2\/media?parent=170229"}],"wp:term":[{"taxonomy":"category","embeddable":true,"href":"https:\/\/cdnoticias.com\/index.php\/wp-json\/wp\/v2\/categories?post=170229"},{"taxonomy":"post_tag","embeddable":true,"href":"https:\/\/cdnoticias.com\/index.php\/wp-json\/wp\/v2\/tags?post=170229"}],"curies":[{"name":"wp","href":"https:\/\/api.w.org\/{rel}","templated":true}]}}