{"id":17021,"date":"2021-03-25T08:25:54","date_gmt":"2021-03-25T11:25:54","guid":{"rendered":"http:\/\/www.centraldenoticias.com.ar\/?p=17021"},"modified":"2021-03-25T08:25:54","modified_gmt":"2021-03-25T11:25:54","slug":"24m-iniciativa-de-la-defensoria-del-pueblo-contra-el-negacionismo","status":"publish","type":"post","link":"https:\/\/cdnoticias.com\/index.php\/2021\/03\/25\/24m-iniciativa-de-la-defensoria-del-pueblo-contra-el-negacionismo\/","title":{"rendered":"24M: iniciativa de la Defensor\u00eda del Pueblo contra el negacionismo"},"content":{"rendered":"<p>El organismo provincial emiti\u00f3 una gu\u00eda informativa elaborada por el Observatorio de Derechos de Ni\u00f1as, Ni\u00f1os y Adolescentes.<!--more--><\/p>\n<hr \/>\n<p><strong>\u201cPor un 24 de marzo sin negacionismo\u201d<\/strong>. As\u00ed se denominada la <strong>gu\u00eda informativa elaborada por el Observatorio de Derechos de Ni\u00f1as, Ni\u00f1os y Adolescentes (NNyA) de la Defensor\u00eda del Pueblo bonaerense<\/strong>, en el marco del <strong>D\u00eda de la Memoria por la Verdad y la Justicia<\/strong>.<\/p>\n<p>&nbsp;<\/p>\n<p>Est\u00e1 destinada a NNyA en edad escolar y<strong> apunta a poner en cuestionamiento aquellos actos que buscan negar, relativizar o trivializar el terrorismo de Estado y\/o los cr\u00edmenes de lesa humanidad<\/strong> que tuvieron lugar en la Argentina durante la \u00faltima dictadura c\u00edvico-militar.<\/p>\n<p>&nbsp;<\/p>\n<blockquote><p>\u201cNuestro objetivo es contribuir a consolidar los postulados de memoria, verdad y justicia en la Argentina. Entendemos que no puede haber lugar para los negacionistas que, a 45 a\u00f1os del golpe genocida, a\u00fan insisten con rechazar que en nuestro pa\u00eds existi\u00f3 un plan sistem\u00e1tico de desapariciones forzadas, asesinatos, torturas y apropiaci\u00f3n de beb\u00e9s\u201d, explic\u00f3 Walter Martello, defensor del Pueblo Adjunto de la provincia de Buenos Aires y responsable del Observatorio de Derechos de NNyA.<\/p><\/blockquote>\n<p>&nbsp;<\/p>\n<p>El t\u00e9rmino <strong>negacionismo<\/strong> surgi\u00f3 para rechazar que haya existido un genocidio perpetrado por los nazis a la poblaci\u00f3n jud\u00eda y otras minor\u00edas durante la Segunda Guerra Mundial; y luego se extendi\u00f3 a otros genocidios como el ocurrido durante \u00faltima dictadura c\u00edvico-militar que tuvo lugar en la Argentina (1976-1983).<\/p>\n<p><img data-recalc-dims=\"1\" loading=\"lazy\" decoding=\"async\" class=\"aligncenter wp-image-17022 size-full\" src=\"https:\/\/i0.wp.com\/cdnoticias.com\/wp-content\/uploads\/2021\/03\/diadelamemoria-defensoria01.jpg?resize=500%2C669&#038;ssl=1\" alt=\"\" width=\"500\" height=\"669\" srcset=\"https:\/\/i0.wp.com\/cdnoticias.com\/wp-content\/uploads\/2021\/03\/diadelamemoria-defensoria01.jpg?w=500&amp;ssl=1 500w, https:\/\/i0.wp.com\/cdnoticias.com\/wp-content\/uploads\/2021\/03\/diadelamemoria-defensoria01.jpg?resize=224%2C300&amp;ssl=1 224w\" sizes=\"auto, (max-width: 500px) 100vw, 500px\" \/><\/p>\n<p>\u201cSon comportamientos y discursos que <strong>niegan, al menos parcialmente, la realidad de ciertos sucesos hist\u00f3ricos<\/strong> percibidos por la mayor parte de la sociedad como hechos de m\u00e1xima injusticia\u201d, explic\u00f3 Martello.<\/p>\n<p>&nbsp;<\/p>\n<p>El Defensor del Pueblo Adjunto remarc\u00f3 que la gu\u00eda informativa -la cual est\u00e1 disponible<a href=\"https:\/\/120818.clicks.dattanet.com\/track\/click?u=2532967&amp;p=3132303831383a3134303a3132393a303a323a30&amp;s=9f3e2a8beff99fcf2db3610c2efdd8bc&amp;m=1788\" target=\"_blank\" rel=\"noopener\"> aqu\u00ed<\/a>&#8211; tambi\u00e9n hace hincapi\u00e9 en <strong>reforzar algunos conceptos que resultan claves para entender lo que sucedi\u00f3<\/strong> durante la etapa hist\u00f3rica m\u00e1s oscura de nuestro pa\u00eds.<\/p>\n<p>&nbsp;<\/p>\n<p>En ese sentido, el material realizado por el Observatorio explica en forma breve y concisa <strong>por qu\u00e9 debemos hablar de dictadura c\u00edvico-militar, qu\u00e9 es el terrorismo de Estado, las desapariciones forzadas y los cr\u00edmenes de lesa humanidad<\/strong>; y se pone \u00e9nfasis en la obligaci\u00f3n indelegable que tiene el Estado de garantizar el derecho a la memoria, la verdad y la justicia.<\/p>\n","protected":false},"excerpt":{"rendered":"<p>El organismo provincial emiti\u00f3 una gu\u00eda informativa elaborada por el Observatorio de Derechos de Ni\u00f1as, Ni\u00f1os y Adolescentes.<\/p>\n","protected":false},"author":4,"featured_media":17023,"comment_status":"closed","ping_status":"closed","sticky":false,"template":"","format":"standard","meta":{"_jetpack_memberships_contains_paid_content":false,"footnotes":""},"categories":[6,1],"tags":[],"class_list":["post-17021","post","type-post","status-publish","format-standard","has-post-thumbnail","hentry","category-nacionales","category-portada"],"jetpack_featured_media_url":"https:\/\/i0.wp.com\/cdnoticias.com\/wp-content\/uploads\/2021\/03\/diadelamemoria-defensoria00.jpg?fit=800%2C445&ssl=1","jetpack_sharing_enabled":true,"_links":{"self":[{"href":"https:\/\/cdnoticias.com\/index.php\/wp-json\/wp\/v2\/posts\/17021","targetHints":{"allow":["GET"]}}],"collection":[{"href":"https:\/\/cdnoticias.com\/index.php\/wp-json\/wp\/v2\/posts"}],"about":[{"href":"https:\/\/cdnoticias.com\/index.php\/wp-json\/wp\/v2\/types\/post"}],"author":[{"embeddable":true,"href":"https:\/\/cdnoticias.com\/index.php\/wp-json\/wp\/v2\/users\/4"}],"replies":[{"embeddable":true,"href":"https:\/\/cdnoticias.com\/index.php\/wp-json\/wp\/v2\/comments?post=17021"}],"version-history":[{"count":0,"href":"https:\/\/cdnoticias.com\/index.php\/wp-json\/wp\/v2\/posts\/17021\/revisions"}],"wp:featuredmedia":[{"embeddable":true,"href":"https:\/\/cdnoticias.com\/index.php\/wp-json\/wp\/v2\/media\/17023"}],"wp:attachment":[{"href":"https:\/\/cdnoticias.com\/index.php\/wp-json\/wp\/v2\/media?parent=17021"}],"wp:term":[{"taxonomy":"category","embeddable":true,"href":"https:\/\/cdnoticias.com\/index.php\/wp-json\/wp\/v2\/categories?post=17021"},{"taxonomy":"post_tag","embeddable":true,"href":"https:\/\/cdnoticias.com\/index.php\/wp-json\/wp\/v2\/tags?post=17021"}],"curies":[{"name":"wp","href":"https:\/\/api.w.org\/{rel}","templated":true}]}}