{"id":170185,"date":"2025-04-28T18:28:44","date_gmt":"2025-04-28T21:28:44","guid":{"rendered":"https:\/\/cdnoticias.com\/?p=170185"},"modified":"2025-04-29T09:07:53","modified_gmt":"2025-04-29T12:07:53","slug":"tras-varios-intentos-suspendieron-las-paso-en-la-provincia-de-buenos-aires","status":"publish","type":"post","link":"https:\/\/cdnoticias.com\/index.php\/2025\/04\/28\/tras-varios-intentos-suspendieron-las-paso-en-la-provincia-de-buenos-aires\/","title":{"rendered":"Tras varios intentos, suspendieron las PASO en la Provincia de Buenos Aires"},"content":{"rendered":"\n<p>Finalmente la legislatura bonaerense aprob\u00f3 por m\u00e1s de dos tercios la suspensi\u00f3n de las Primarias pautadas para el 13 de julio. Se ir\u00e1 a votar dos veces: las provinciales el 7 de septiembre, y las nacionales el 26 de octubre.<\/p>\n\n\n\n<hr class=\"wp-block-separator aligncenter has-alpha-channel-opacity\"\/>\n\n\n\n<p>La<strong> C\u00e1mara de Diputados bonaerense aprob\u00f3 este lunes, por m\u00e1s de dos tercios, la suspensi\u00f3n de las primarias abiertas, simult\u00e1neas y obligatorias (PASO) para este a\u00f1o en la provincia de Buenos Aires.<\/strong> Sin embargo, a\u00fan persisten fuertes tensiones internas en el oficialismo que traban la definici\u00f3n de un nuevo cronograma electoral, a pesar de la presi\u00f3n de la Junta Electoral.<\/p>\n\n\n\n<p>Luego de varias idas y vueltas<strong>, Diputados sancion\u00f3 el proyecto impulsado por Axel Kicillof para eliminar las primarias en territorio bonaerense en 2025. No obstante, la discusi\u00f3n sobre la extensi\u00f3n de los plazos para la presentaci\u00f3n de alianzas, listas y boletas qued\u00f3 fuera de la votaci\u00f3n.<\/strong> Aunque Uni\u00f3n por la Patria y parte de la oposici\u00f3n acompa\u00f1aron la suspensi\u00f3n de las PASO, evitaron pronunciarse sobre los cambios al calendario electoral.<\/p>\n\n\n\n<p>As\u00ed, si no se modifica la legislaci\u00f3n vigente, <strong>el cierre de listas operar\u00e1 el 8 de agosto y la presentaci\u00f3n de boletas el 18, apenas d\u00edas antes de las elecciones provinciales, fijadas por decreto para el 7 de septiembre. Inicialmente, las PASO iban a realizarse el 13 de julio.<\/strong><\/p>\n\n\n\n<p><strong>Tanto el Ejecutivo provincial como la Junta Electoral bonaerense, presidida por Hilda Kogan, consideran que los plazos actuales son inviables.<\/strong> De hecho, la Junta envi\u00f3 dos notas a la Legislatura advirtiendo que, sin cambios, ser\u00e1 muy dif\u00edcil garantizar el normal desarrollo de los comicios. Adem\u00e1s, este lunes encabez\u00f3 una reuni\u00f3n con legisladores, a la que no asistieron representantes del kirchnerismo, ni de sectores de la UCR y el PRO.<\/p>\n\n\n\n<blockquote class=\"wp-block-quote is-layout-flow wp-block-quote-is-layout-flow\">\n<p>El gobierno de Kicillof pretende ampliar los plazos: quiere que la convocatoria a elecciones se realice 100 d\u00edas antes de la votaci\u00f3n (actualmente son 60), el reconocimiento de alianzas con 80 d\u00edas de antelaci\u00f3n (hoy son 60), la presentaci\u00f3n de listas 70 d\u00edas antes (en vez de 30) y la entrega de boletas con 50 d\u00edas de margen (actualmente se exige 20).<\/p>\n<\/blockquote>\n\n\n\n<p>Por su parte, <strong>la Junta Electoral plantea un esquema de tiempos algo menos extendido que el propuesto por el Ejecutivo, pero considera indispensable una modificaci\u00f3n que permita organizar los comicios adecuadamente.<\/strong><\/p>\n\n\n\n<p>Este martes continuar\u00e1 el debate en la <strong>Comisi\u00f3n de Reforma Pol\u00edtica de Diputados<\/strong>, donde expondr\u00e1n la presidenta de la Junta Electoral, Hilda Kogan, acompa\u00f1ada por la vicegobernadora Ver\u00f3nica Magario y el presidente de la C\u00e1mara baja, Alexis Guerrera.<\/p>\n\n\n\n<p>Sin embargo, las tensiones internas complican la resoluci\u00f3n del tema. <strong>Dentro del propio peronismo no hay consenso, y en la oposici\u00f3n tambi\u00e9n existen posturas divergentes. Tanto la UCR como sectores cercanos a Cristina Fern\u00e1ndez de Kirchner prefieren que los plazos se mantengan cortos, ya que permitir\u00eda unificar las negociaciones de candidaturas provinciales y nacionales \u2014cuyo cierre est\u00e1 previsto para el 17 de agosto\u2014 en una misma instancia.<\/strong><\/p>\n\n\n\n<p>En este contexto,<strong> se estima que la discusi\u00f3n sobre el cronograma electoral podr\u00eda demorarse al menos dos o tres semanas. <\/strong>Mientras tanto, la cuenta regresiva avanza: las elecciones bonaerenses, que ya fueron desdobladas de las nacionales, movilizar\u00e1n a m\u00e1s de 13 millones de votantes en poco m\u00e1s de cuatro meses.<\/p>\n","protected":false},"excerpt":{"rendered":"<p>Finalmente la legislatura bonaerense aprob\u00f3 por m\u00e1s de dos tercios la suspensi\u00f3n de las Primarias pautadas para el 13 de<\/p>\n","protected":false},"author":2,"featured_media":170187,"comment_status":"closed","ping_status":"closed","sticky":false,"template":"","format":"standard","meta":{"_jetpack_memberships_contains_paid_content":false,"footnotes":""},"categories":[4,1],"tags":[],"class_list":["post-170185","post","type-post","status-publish","format-standard","has-post-thumbnail","hentry","category-politica","category-portada"],"jetpack_featured_media_url":"https:\/\/i0.wp.com\/cdnoticias.com\/wp-content\/uploads\/2025\/04\/diputadospba1.jpg?fit=2560%2C1708&ssl=1","jetpack_sharing_enabled":true,"_links":{"self":[{"href":"https:\/\/cdnoticias.com\/index.php\/wp-json\/wp\/v2\/posts\/170185","targetHints":{"allow":["GET"]}}],"collection":[{"href":"https:\/\/cdnoticias.com\/index.php\/wp-json\/wp\/v2\/posts"}],"about":[{"href":"https:\/\/cdnoticias.com\/index.php\/wp-json\/wp\/v2\/types\/post"}],"author":[{"embeddable":true,"href":"https:\/\/cdnoticias.com\/index.php\/wp-json\/wp\/v2\/users\/2"}],"replies":[{"embeddable":true,"href":"https:\/\/cdnoticias.com\/index.php\/wp-json\/wp\/v2\/comments?post=170185"}],"version-history":[{"count":0,"href":"https:\/\/cdnoticias.com\/index.php\/wp-json\/wp\/v2\/posts\/170185\/revisions"}],"wp:featuredmedia":[{"embeddable":true,"href":"https:\/\/cdnoticias.com\/index.php\/wp-json\/wp\/v2\/media\/170187"}],"wp:attachment":[{"href":"https:\/\/cdnoticias.com\/index.php\/wp-json\/wp\/v2\/media?parent=170185"}],"wp:term":[{"taxonomy":"category","embeddable":true,"href":"https:\/\/cdnoticias.com\/index.php\/wp-json\/wp\/v2\/categories?post=170185"},{"taxonomy":"post_tag","embeddable":true,"href":"https:\/\/cdnoticias.com\/index.php\/wp-json\/wp\/v2\/tags?post=170185"}],"curies":[{"name":"wp","href":"https:\/\/api.w.org\/{rel}","templated":true}]}}